{"id":58039,"date":"2026-01-17T06:51:40","date_gmt":"2026-01-17T09:51:40","guid":{"rendered":"https:\/\/mussicom.com\/lula-sanciona-orcamento-e-veta-r-400-milhoes-em-emendas\/"},"modified":"2026-01-17T06:51:40","modified_gmt":"2026-01-17T09:51:40","slug":"lula-sanciona-orcamento-e-veta-r-400-milhoes-em-emendas","status":"publish","type":"post","link":"https:\/\/mussicom.com\/noticias\/lula-sanciona-orcamento-e-veta-r-400-milhoes-em-emendas\/","title":{"rendered":"Lula sanciona Or\u00e7amento e veta R$ 400 milh\u00f5es em emendas"},"content":{"rendered":"<p> <br \/>\n<\/p>\n<div id=\"tp-post-content\">\n<p class=\"postParagraph_post-paragraph__juWZN postParagraph_post-paragraph-innerHtml__Q5vwc\">O presidente Luiz In\u00e1cio Lula da Silva (PT) sancionou nesta quarta-feira (14) o Or\u00e7amento para o exerc\u00edcio financeiro de 2026\u200b, aprovado pelo Congresso em dezembro. Lula vetou cerca de R$ 400 milh\u00f5es em emendas parlamentares. A decis\u00e3o foi oficializada no Di\u00e1rio Oficial da Uni\u00e3o (DOU).<\/p>\n<p class=\"postParagraph_post-paragraph__juWZN postParagraph_post-paragraph-innerHtml__Q5vwc\">O valor inicial reservado para emendas parlamentares era de R$ 49,9 bilh\u00f5es. No entanto, o Congresso acrescentou outros R$ 11 bilh\u00f5es em recursos livres (despesas discricion\u00e1rias) dentro da programa\u00e7\u00e3o dos minist\u00e9rios para serem gerenciados pelo Executivo.<\/p>\n<p class=\"postParagraph_post-paragraph__juWZN postParagraph_post-paragraph-innerHtml__Q5vwc\">O montante foi inclu\u00eddo durante a tramita\u00e7\u00e3o do Projeto de Lei Or\u00e7ament\u00e1ria Anual (PLOA), e n\u00e3o constava na proposta enviada pelo Poder Executivo, como determina a Lei Complementar 210\/24, que estipula regras para as emendas.<\/p>\n<div class=\"postViewMore_post-view-more-container___5wai\" data-mrf-recirculation=\"Post - Veja tamb\u00e9m\">\n<p class=\"gp-styles-module-size-small-afeYRa gp-styles-module-font-family2-afeYRa gp-styles-module-color-secondary-afeYRa gp-styles-module-weight-bold-afeYRa\">VEJA TAMB\u00c9M:<\/p>\n<ul class=\"postViewMore_post-view-more-list__CU_CE\">\n<li class=\"postViewMore_post-view-more-item__2MzRb\"><span class=\"postViewMore_post-view-more-link-icon___stPC\"><svg xmlns=\"http:\/\/www.w3.org\/2000\/svg\" width=\"16\" height=\"16\" viewbox=\"0 0 16 16\"><rect width=\"16\" height=\"16\" fill=\"none\"\/><g transform=\"translate(3 3)\"><path d=\"M22.5,15l3.4,3.4-3.4,3.4\" transform=\"translate(-15.896 -11.793)\" fill=\"none\" stroke=\"#717171\" stroke-linecap=\"round\" stroke-width=\"1.4\"\/><path d=\"M6,6v4.2a2.452,2.452,0,0,0,2.5,2.4H16\" transform=\"translate(-6 -6)\" fill=\"none\" stroke=\"#717171\" stroke-linecap=\"round\" stroke-width=\"1.4\"\/><\/g><\/svg><\/span><span class=\"postViewMore_post-view-more-link-text__hO_kM\">Haddad deixar\u00e1 Fazenda ainda neste m\u00eas e tentar\u00e1 emplacar atual secret\u00e1rio-executivo<\/span><\/li>\n<\/ul>\n<\/div>\n<p class=\"postParagraph_post-paragraph__juWZN postParagraph_post-paragraph-innerHtml__Q5vwc\">Com isso, o valor dos repasses que poderiam ser indicados por deputados e senadores saltaram para R$ 61 bilh\u00f5es. Desse total, cerca de R$ 37,8 bilh\u00f5es ser\u00e3o destinados a emendas impositivas, de pagamento obrigat\u00f3rio.<\/p>\n<p class=\"postParagraph_post-paragraph__juWZN postParagraph_post-paragraph-innerHtml__Q5vwc\">As emendas individuais somam R$ 26,6 bilh\u00f5es; as de bancada ficaram com R$ 11,2 bilh\u00f5es. J\u00e1 as emendas de comiss\u00e3o, que n\u00e3o t\u00eam execu\u00e7\u00e3o obrigat\u00f3ria, somam R$ 12,1 bilh\u00f5es.<\/p>\n<p class=\"postParagraph_post-paragraph__juWZN postParagraph_post-paragraph-innerHtml__Q5vwc\">Al\u00e9m do veto de quase R$ 400 milh\u00f5es, h\u00e1 a expectativa de que o governo federal edite outros atos normativos para<strong> remanejar mais R$ 11 bilh\u00f5es em emendas parlamentares para outras a\u00e7\u00f5es<\/strong>, informou a <em>Ag\u00eancia Brasil<\/em>.<\/p>\n<p class=\"postParagraph_post-paragraph__juWZN postParagraph_post-paragraph-innerHtml__Q5vwc\">No total, o Or\u00e7amento para 2026 ser\u00e1 de R$ 6,54 trilh\u00f5es, com meta de super\u00e1vit de R$ 34,2 bilh\u00f5es. O sal\u00e1rio m\u00ednimo ser\u00e1 de R$ 1.621.<\/p>\n<h2 class=\"postParagraph_post-paragraph__juWZN postParagraph_post-paragraph-innerHtml__Q5vwc postParagraph_type-tag-h2__TtFkT\">Vetos no Or\u00e7amento<\/h2>\n<p class=\"postParagraph_post-paragraph__juWZN postParagraph_post-paragraph-innerHtml__Q5vwc\">Lula cancelou cerca de R$ 7,5 milh\u00f5es que seriam destinados \u00e0 reestrutura\u00e7\u00e3o e moderniza\u00e7\u00e3o da Universidade Federal do Delta do Parna\u00edba, no Piau\u00ed.<\/p>\n<p class=\"postParagraph_post-paragraph__juWZN postParagraph_post-paragraph-innerHtml__Q5vwc\">Diversos incrementos tempor\u00e1rios ao custeio de servi\u00e7os hospitalares e de aten\u00e7\u00e3o prim\u00e1ria em estados como Amap\u00e1, Tocantins, Cear\u00e1, Para\u00edba, Bahia, S\u00e3o Paulo, Goi\u00e1s e no Distrito Federal foram vetados por n\u00e3o constarem na proposta original do Executivo.<\/p>\n<p class=\"postParagraph_post-paragraph__juWZN postParagraph_post-paragraph-innerHtml__Q5vwc\">As raz\u00f5es dos vetos foram submetidas \u00e0 aprecia\u00e7\u00e3o do Congresso, que poder\u00e1 manter ou derrubar as decis\u00f5es presidenciais em sess\u00e3o conjunta.<\/p>\n<h2 class=\"postParagraph_post-paragraph__juWZN postParagraph_post-paragraph-innerHtml__Q5vwc postParagraph_type-tag-h2__TtFkT\">Educa\u00e7\u00e3o e Sa\u00fade<\/h2>\n<p class=\"postParagraph_post-paragraph__juWZN postParagraph_post-paragraph-innerHtml__Q5vwc\">Em nota, o Pal\u00e1cio do Planalto informou que, apesar dos vetos, \u201cas \u00e1reas sociais receber\u00e3o investimentos robustos em 2026\u201d, com aumento no or\u00e7amento da educa\u00e7\u00e3o de R$ 206,1 bilh\u00f5es (em 2025) para R$ 233,7 bilh\u00f5es.<\/p>\n<p class=\"postParagraph_post-paragraph__juWZN postParagraph_post-paragraph-innerHtml__Q5vwc\">\u201cJ\u00e1 a Sa\u00fade contar\u00e1 com R$ 271,3 bilh\u00f5es para custear exames, cirurgias, medicamentos e o funcionamento do SUS \u2014 um avan\u00e7o em rela\u00e7\u00e3o aos 254,1 bilh\u00f5es de 2025\u201d, diz o comunicado.<\/p>\n<\/div>\n<p><br \/>\n<br \/>Fonte: <a href=\"https:\/\/www.gazetadopovo.com.br\/economia\/lula-sanciona-orcamento-2026-com-vetos-a-cerca-de-r-400-milhoes-em-emendas\/\">Gazeta do Povo<\/a><\/p>\n","protected":false},"excerpt":{"rendered":"<p>O presidente Luiz In\u00e1cio Lula da Silva (PT) sancionou nesta quarta-feira (14) o Or\u00e7amento para o exerc\u00edcio financeiro de 2026\u200b, aprovado pelo Congresso em dezembro. Lula vetou cerca de R$ 400 milh\u00f5es em emendas parlamentares. A decis\u00e3o foi oficializada no Di\u00e1rio Oficial da Uni\u00e3o (DOU). O valor inicial reservado para emendas parlamentares era de R$ [&hellip;]<\/p>\n","protected":false},"author":5,"featured_media":58040,"comment_status":"open","ping_status":"open","sticky":false,"template":"","format":"standard","meta":{"_seopress_robots_primary_cat":"","_seopress_titles_title":"","_seopress_titles_desc":"","_seopress_robots_index":"","footnotes":""},"categories":[45],"tags":[],"class_list":["post-58039","post","type-post","status-publish","format-standard","has-post-thumbnail","hentry","category-economia"],"_links":{"self":[{"href":"https:\/\/mussicom.com\/noticias\/wp-json\/wp\/v2\/posts\/58039","targetHints":{"allow":["GET"]}}],"collection":[{"href":"https:\/\/mussicom.com\/noticias\/wp-json\/wp\/v2\/posts"}],"about":[{"href":"https:\/\/mussicom.com\/noticias\/wp-json\/wp\/v2\/types\/post"}],"author":[{"embeddable":true,"href":"https:\/\/mussicom.com\/noticias\/wp-json\/wp\/v2\/users\/5"}],"replies":[{"embeddable":true,"href":"https:\/\/mussicom.com\/noticias\/wp-json\/wp\/v2\/comments?post=58039"}],"version-history":[{"count":0,"href":"https:\/\/mussicom.com\/noticias\/wp-json\/wp\/v2\/posts\/58039\/revisions"}],"wp:featuredmedia":[{"embeddable":true,"href":"https:\/\/mussicom.com\/noticias\/wp-json\/wp\/v2\/media\/58040"}],"wp:attachment":[{"href":"https:\/\/mussicom.com\/noticias\/wp-json\/wp\/v2\/media?parent=58039"}],"wp:term":[{"taxonomy":"category","embeddable":true,"href":"https:\/\/mussicom.com\/noticias\/wp-json\/wp\/v2\/categories?post=58039"},{"taxonomy":"post_tag","embeddable":true,"href":"https:\/\/mussicom.com\/noticias\/wp-json\/wp\/v2\/tags?post=58039"}],"curies":[{"name":"wp","href":"https:\/\/api.w.org\/{rel}","templated":true}]}}