{"id":5801,"date":"2025-03-15T00:33:52","date_gmt":"2025-03-15T03:33:52","guid":{"rendered":"https:\/\/www.mussicom.com\/alunos-da-universidade-federal-do-rio-grande-do-sul-recebem-calouros-com-tour-comunista\/"},"modified":"2025-03-15T00:33:52","modified_gmt":"2025-03-15T03:33:52","slug":"alunos-da-universidade-federal-do-rio-grande-do-sul-recebem-calouros-com-tour-comunista","status":"publish","type":"post","link":"https:\/\/mussicom.com\/noticias\/alunos-da-universidade-federal-do-rio-grande-do-sul-recebem-calouros-com-tour-comunista\/","title":{"rendered":"Alunos da Universidade Federal do Rio Grande do Sul recebem calouros com &#8216;tour comunista&#8217;"},"content":{"rendered":"<p> <br \/>\n<\/p>\n<div id=\"hd80s9wa1h892edh8192\">\n<p>O coletivo de alunos Fa\u00edsca Comunista, da <strong>Universidade Federal do Rio Grande do Sul<\/strong> (UFRGS), vai recepcionar os novos estudantes com um \u201c<em>tour<\/em> comunista\u201d. Em um v\u00eddeo publicado na ter\u00e7a-feira 11, no Instagram, o grupo afirma \u201cquestionar a l\u00f3gica burguesa\u201d da institui\u00e7\u00e3o.<\/p>\n<p>\u201cA universidade mant\u00e9m a terceiriza\u00e7\u00e3o, a rela\u00e7\u00e3o com empresas sionistas e o filtro racial e social, que \u00e9 o vestibular\u201d, ressalta uma das estudantes que representam o grupo.<\/p>\n<p>O \u201ctour comunista\u201d ocorrer\u00e1 em 22 de mar\u00e7o, no <em>campus<\/em> da UFRGS. Segundo a aluna que apresenta o v\u00eddeo, o objetivo \u00e9 \u201ccontar a hist\u00f3ria que ningu\u00e9m conta\u201d, sob uma \u201cperspectiva marxista\u201d. Logo no come\u00e7o do v\u00eddeo, ela faz uso da \u201clinguagem neutra\u201d e d\u00e1 boas-vindas aos \u201ccaloures\u201d.<\/p>\n<p><center><\/p>\n<blockquote class=\"instagram-media\" data-instgrm-captioned=\"\" data-instgrm-permalink=\"https:\/\/www.instagram.com\/reel\/DHE3HYiAqhh\/?utm_source=ig_embed&amp;utm_campaign=loading\" data-instgrm-version=\"14\" style=\" background:#FFF; border:0; border-radius:3px; box-shadow:0 0 1px 0 rgba(0,0,0,0.5),0 1px 10px 0 rgba(0,0,0,0.15); margin: 1px; max-width:540px; min-width:326px; padding:0; width:99.375%; width:-webkit-calc(100% - 2px); width:calc(100% - 2px);\"\/><p>\n<center><\/p>\n<p class=\"has-text-align-left\">O v\u00eddeo simula a pergunta de um aluno, que parece mostrar interesse no \u201cprocesso de luta\u201d do movimento estudantil \u201cFa\u00edsca Comunista\u201d. A estudante responde que a \u201cluta\u201d come\u00e7ou na \u00e9poca do regime militar, em 1964.<\/p>\n<figure class=\"wp-block-embed is-type-video is-provider-youtube wp-block-embed-youtube wp-embed-aspect-16-9 wp-has-aspect-ratio\">\n<div class=\"wp-block-embed__wrapper\">\n<div class=\"perfmatters-lazy-youtube\" data-src=\"https:\/\/www.youtube.com\/embed\/TwXk6Wq81aQ\" data-id=\"TwXk6Wq81aQ\" data-query=\"start=5247&amp;feature=oembed\" onclick=\"perfmattersLazyLoadYouTube(this);\">\n<div><img fetchpriority=\"high\" decoding=\"async\" src=\"https:\/\/i.ytimg.com\/vi\/TwXk6Wq81aQ\/hqdefault.jpg\" alt=\"YouTube video\" width=\"480\" height=\"360\" data-pin-nopin=\"true\" nopin=\"nopin\"\/><\/div>\n<\/div>\n<p><noscript><iframe title=\"JORNAL DA OESTE - com Geisiane Freitas | 14\/03\/2025\" width=\"800\" height=\"450\" src=\"https:\/\/www.youtube.com\/embed\/TwXk6Wq81aQ?feature=oembed\" frameborder=\"0\" allow=\"accelerometer; autoplay; clipboard-write; encrypted-media; gyroscope; picture-in-picture; web-share\" referrerpolicy=\"strict-origin-when-cross-origin\" allowfullscreen><\/iframe><\/noscript>\n<\/div>\n<\/figure>\n<h2 class=\"wp-block-heading\">\u201cBem-vindes\u201d: reitora da Universidade Federal do Rio Grande do Sul grava v\u00eddeo com linguagem neutra<\/h2>\n<p>Al\u00e9m do v\u00eddeo dos alunos, a reitora da UFRGS, M\u00e1rcia Barbosa, gerou pol\u00eamica ao adotar a \u201clinguagem neutra\u201d em uma mensagem destinada \u00e0 comunidade acad\u00eamica.<\/p>\n<p>O v\u00eddeo, publicado no canal oficial da universidade no YouTube, na segunda-feira 10, rendeu cr\u00edticas e rea\u00e7\u00f5es negativas.<\/p>\n<p><strong>+ Leia mais not\u00edcias da Pol\u00edtica em Oeste<\/strong><\/p>\n<p>Na grava\u00e7\u00e3o, a reitora cumprimentou os estudantes com a frase: \u201cSejam bem-vindos, bem-vindas e bem-vindes [<em>sic<\/em>] ao primeiro semestre de 2025 da Universidade Federal do Rio Grande do Sul\u201d.<\/p>\n<p>O deputado federal Marcel van Hattem (Novo-RS) ironizou a declara\u00e7\u00e3o. \u201cDepois de passar num rigoroso vestibular, em que o dom\u00ednio da l\u00edngua portuguesa \u00e9 indispens\u00e1vel, bem-vindes \u00e0 UFRGS!\u201d, escreveu o parlamentar, no X.<\/p>\n<figure class=\"wp-block-embed is-type-rich is-provider-twitter wp-block-embed-twitter\">\n<div class=\"wp-block-embed__wrapper\">\n<blockquote class=\"twitter-tweet\" data-width=\"500\" data-dnt=\"true\">\n<p lang=\"pt\" dir=\"ltr\">Depois de passar num rigoroso vestibular em que o dom\u00ednio da l\u00edngua portuguesa \u00e9 indispens\u00e1vel, bem-vindes \u00e0 UFRGS! https:\/\/t.co\/pZxNWWISjb<\/p>\n<p>\u2014 Marcel van Hattem (@marcelvanhattem) <a href=\"https:\/\/twitter.com\/marcelvanhattem\/status\/1899258217554698590?ref_src=twsrc%5Etfw\">March 11, 2025<\/a><\/p><\/blockquote>\n<\/div>\n<\/figure>\n<p>M\u00e1rcia Barbosa \u00e9 pesquisadora e professora do Instituto de F\u00edsica da UFRGS. Integra a Academia Brasileira de Ci\u00eancias e a Academia Mundial de Ci\u00eancias. Entre 2023 e 2024, ocupou o cargo de secret\u00e1ria de Pol\u00edticas e Programas Estrat\u00e9gicos do Minist\u00e9rio da Ci\u00eancia, Tecnologia e Inova\u00e7\u00e3o no governo Lula.<\/p>\n<p><strong>Leia tamb\u00e9m: A estupidez da linguagem neutra, reportagem de Cristyan Costa publicada na Edi\u00e7\u00e3o 62 da Revista Oeste<\/strong><\/p>\n<p>      <\/center><\/center><\/div>\n<p><script async src=\"\/\/platform.twitter.com\/widgets.js\" charset=\"utf-8\"><\/script><script async src=\"\/\/www.instagram.com\/embed.js\"><\/script><br \/>\n<br \/><br \/>\n<br \/>Fonte: <a href=\"https:\/\/revistaoeste.com\/politica\/alunos-da-universidade-federal-do-rio-grande-do-sul-recebem-calouros-com-emtour-em-comunista\/\">Ag\u00eancia Brasil<\/a><\/p>\n","protected":false},"excerpt":{"rendered":"<p>O coletivo de alunos Fa\u00edsca Comunista, da Universidade Federal do Rio Grande do Sul (UFRGS), vai recepcionar os novos estudantes com um \u201ctour comunista\u201d. Em um v\u00eddeo publicado na ter\u00e7a-feira 11, no Instagram, o grupo afirma \u201cquestionar a l\u00f3gica burguesa\u201d da institui\u00e7\u00e3o. \u201cA universidade mant\u00e9m a terceiriza\u00e7\u00e3o, a rela\u00e7\u00e3o com empresas sionistas e o filtro [&hellip;]<\/p>\n","protected":false},"author":5,"featured_media":5803,"comment_status":"open","ping_status":"open","sticky":false,"template":"","format":"standard","meta":{"_seopress_robots_primary_cat":"","_seopress_titles_title":"","_seopress_titles_desc":"","_seopress_robots_index":"","footnotes":""},"categories":[47,1],"tags":[],"class_list":["post-5801","post","type-post","status-publish","format-standard","has-post-thumbnail","hentry","category-politica","category-ultimas-noticias"],"_links":{"self":[{"href":"https:\/\/mussicom.com\/noticias\/wp-json\/wp\/v2\/posts\/5801","targetHints":{"allow":["GET"]}}],"collection":[{"href":"https:\/\/mussicom.com\/noticias\/wp-json\/wp\/v2\/posts"}],"about":[{"href":"https:\/\/mussicom.com\/noticias\/wp-json\/wp\/v2\/types\/post"}],"author":[{"embeddable":true,"href":"https:\/\/mussicom.com\/noticias\/wp-json\/wp\/v2\/users\/5"}],"replies":[{"embeddable":true,"href":"https:\/\/mussicom.com\/noticias\/wp-json\/wp\/v2\/comments?post=5801"}],"version-history":[{"count":0,"href":"https:\/\/mussicom.com\/noticias\/wp-json\/wp\/v2\/posts\/5801\/revisions"}],"wp:featuredmedia":[{"embeddable":true,"href":"https:\/\/mussicom.com\/noticias\/wp-json\/wp\/v2\/media\/5803"}],"wp:attachment":[{"href":"https:\/\/mussicom.com\/noticias\/wp-json\/wp\/v2\/media?parent=5801"}],"wp:term":[{"taxonomy":"category","embeddable":true,"href":"https:\/\/mussicom.com\/noticias\/wp-json\/wp\/v2\/categories?post=5801"},{"taxonomy":"post_tag","embeddable":true,"href":"https:\/\/mussicom.com\/noticias\/wp-json\/wp\/v2\/tags?post=5801"}],"curies":[{"name":"wp","href":"https:\/\/api.w.org\/{rel}","templated":true}]}}