{"id":57986,"date":"2026-01-17T02:46:30","date_gmt":"2026-01-17T05:46:30","guid":{"rendered":"https:\/\/mussicom.com\/banco-central-e-pf-reafirmam-cooperacao-apos-critica-de-toffoli-a-corporacao\/"},"modified":"2026-01-17T02:46:30","modified_gmt":"2026-01-17T05:46:30","slug":"banco-central-e-pf-reafirmam-cooperacao-apos-critica-de-toffoli-a-corporacao","status":"publish","type":"post","link":"https:\/\/mussicom.com\/noticias\/banco-central-e-pf-reafirmam-cooperacao-apos-critica-de-toffoli-a-corporacao\/","title":{"rendered":"Banco Central e PF reafirmam coopera\u00e7\u00e3o ap\u00f3s cr\u00edtica de Toffoli \u00e0 corpora\u00e7\u00e3o"},"content":{"rendered":"<p> <br \/>\n<\/p>\n<div id=\"tp-post-content\">\n<p class=\"postParagraph_post-paragraph__juWZN postParagraph_post-paragraph-innerHtml__Q5vwc\">O presidente do Banco Central, Gabriel Gal\u00edpolo, e o diretor-geral da Pol\u00edcia Federal, Andrei Rodrigues, se reuniram em Bras\u00edlia, na noite desta quarta (14), como uma forma de demonstra\u00e7\u00e3o de apoio em meio \u00e0 crise envolvendo a investiga\u00e7\u00e3o sobre o Banco Master e a centraliza\u00e7\u00e3o do processo de liquida\u00e7\u00e3o e fraude no Supremo Tribunal Federal (STF) por ordem do ministro Dias Toffoli.<\/p>\n<p class=\"postParagraph_post-paragraph__juWZN postParagraph_post-paragraph-innerHtml__Q5vwc\">A reuni\u00e3o ocorreu no mesmo dia em que a Pol\u00edcia Federal deflagrou a segunda fase da opera\u00e7\u00e3o Compliance Zero, que mirou a suspeita de outros crimes cometidos pelo banqueiro Daniel Vorcaro al\u00e9m da venda de carteiras de cr\u00e9dito fraudulentas ao Banco de Bras\u00edlia (BRB) por R$ 12 bilh\u00f5es, descoberta na primeira fase, no ano passado.<\/p>\n<p class=\"postParagraph_post-paragraph__juWZN postParagraph_post-paragraph-innerHtml__Q5vwc\">\u201cEm agenda institucional, as autoridades reafirmaram a import\u00e2ncia da coopera\u00e7\u00e3o e da integra\u00e7\u00e3o entre as institui\u00e7\u00f5es, fortalecendo o di\u00e1logo e a atua\u00e7\u00e3o conjunta em temas estrat\u00e9gicos de interesse do Estado brasileiro\u201d, disse a Pol\u00edcia Federal em uma postagem nas redes sociais.<\/p>\n<div class=\"postViewMore_post-view-more-container___5wai\" data-mrf-recirculation=\"Post - Veja tamb\u00e9m\">\n<p class=\"gp-styles-module-size-small-afeYRa gp-styles-module-font-family2-afeYRa gp-styles-module-color-secondary-afeYRa gp-styles-module-weight-bold-afeYRa\">VEJA TAMB\u00c9M:<\/p>\n<ul class=\"postViewMore_post-view-more-list__CU_CE\">\n<li class=\"postViewMore_post-view-more-item__2MzRb\">\n<div class=\"postViewMore_post-view-more-image__5gUSe\"><picture class=\"imageDefault_image-container__XGd8_\"><\/picture><\/div>\n<p>Banco Central decreta liquida\u00e7\u00e3o da Reag, suspeita de liga\u00e7\u00e3o com Master e PCC<\/li>\n<\/ul>\n<\/div>\n<p class=\"postParagraph_post-paragraph__juWZN postParagraph_post-paragraph-innerHtml__Q5vwc\">O Banco Central se tornou o centro das aten\u00e7\u00f5es desde que decretou a liquida\u00e7\u00e3o extrajudicial do Banco Master no final do ano passado. A press\u00e3o aumentou horas antes da reuni\u00e3o com a imposi\u00e7\u00e3o de Toffoli com novas regras para a guarda das provas. O magistrado ainda criticou publicamente a Pol\u00edcia Federal por suposta \u201cin\u00e9rcia\u201d na deflagra\u00e7\u00e3o da opera\u00e7\u00e3o.<\/p>\n<p class=\"postParagraph_post-paragraph__juWZN postParagraph_post-paragraph-innerHtml__Q5vwc\">Foram cumpridos mandados de busca e apreens\u00e3o em endere\u00e7os ligados a Vorcaro, familiares e outros investigados em S\u00e3o Paulo e em outros estados. Foram apreendidos carros de luxo, rel\u00f3gios, dinheiro em esp\u00e9cie e outros bens, avaliados como parte de um esquema superior a R$ 5,7 bilh\u00f5es.<\/p>\n<p class=\"postParagraph_post-paragraph__juWZN postParagraph_post-paragraph-innerHtml__Q5vwc\">As ordens judiciais foram autorizadas por Toffoli ap\u00f3s uma representa\u00e7\u00e3o da Pol\u00edcia Federal apresentada no dia 6 de janeiro em que o ministro determinava a opera\u00e7\u00e3o em at\u00e9 24 horas a partir do dia 12. No entanto, o atraso de um dia levou o ministro a dizer que houve \u201cfalta de empenho\u201d da corpora\u00e7\u00e3o.<\/p>\n<p class=\"postParagraph_post-paragraph__juWZN postParagraph_post-paragraph-innerHtml__Q5vwc\">Ainda nesta quarta (14), Toffoli ordenou que todo o material apreendido fosse lacrado e enviado diretamente ao STF, ficando sob guarda de seu gabinete para posterior per\u00edcia. A decis\u00e3o retirou da Pol\u00edcia Federal o acesso imediato a celulares, m\u00eddias e documentos, e passou para a a Procuradoria-Geral da Rep\u00fablica (PGR) ap\u00f3s cr\u00edticas.<\/p>\n<\/div>\n<p><br \/>\n<br \/>Fonte: <a href=\"https:\/\/www.gazetadopovo.com.br\/economia\/banco-central-pf-reafirmam-cooperacao-critica-toffoli-corporacao\/\">Gazeta do Povo<\/a><\/p>\n","protected":false},"excerpt":{"rendered":"<p>O presidente do Banco Central, Gabriel Gal\u00edpolo, e o diretor-geral da Pol\u00edcia Federal, Andrei Rodrigues, se reuniram em Bras\u00edlia, na noite desta quarta (14), como uma forma de demonstra\u00e7\u00e3o de apoio em meio \u00e0 crise envolvendo a investiga\u00e7\u00e3o sobre o Banco Master e a centraliza\u00e7\u00e3o do processo de liquida\u00e7\u00e3o e fraude no Supremo Tribunal Federal [&hellip;]<\/p>\n","protected":false},"author":5,"featured_media":57987,"comment_status":"open","ping_status":"open","sticky":false,"template":"","format":"standard","meta":{"_seopress_robots_primary_cat":"","_seopress_titles_title":"","_seopress_titles_desc":"","_seopress_robots_index":"","footnotes":""},"categories":[45],"tags":[],"class_list":["post-57986","post","type-post","status-publish","format-standard","has-post-thumbnail","hentry","category-economia"],"_links":{"self":[{"href":"https:\/\/mussicom.com\/noticias\/wp-json\/wp\/v2\/posts\/57986","targetHints":{"allow":["GET"]}}],"collection":[{"href":"https:\/\/mussicom.com\/noticias\/wp-json\/wp\/v2\/posts"}],"about":[{"href":"https:\/\/mussicom.com\/noticias\/wp-json\/wp\/v2\/types\/post"}],"author":[{"embeddable":true,"href":"https:\/\/mussicom.com\/noticias\/wp-json\/wp\/v2\/users\/5"}],"replies":[{"embeddable":true,"href":"https:\/\/mussicom.com\/noticias\/wp-json\/wp\/v2\/comments?post=57986"}],"version-history":[{"count":0,"href":"https:\/\/mussicom.com\/noticias\/wp-json\/wp\/v2\/posts\/57986\/revisions"}],"wp:featuredmedia":[{"embeddable":true,"href":"https:\/\/mussicom.com\/noticias\/wp-json\/wp\/v2\/media\/57987"}],"wp:attachment":[{"href":"https:\/\/mussicom.com\/noticias\/wp-json\/wp\/v2\/media?parent=57986"}],"wp:term":[{"taxonomy":"category","embeddable":true,"href":"https:\/\/mussicom.com\/noticias\/wp-json\/wp\/v2\/categories?post=57986"},{"taxonomy":"post_tag","embeddable":true,"href":"https:\/\/mussicom.com\/noticias\/wp-json\/wp\/v2\/tags?post=57986"}],"curies":[{"name":"wp","href":"https:\/\/api.w.org\/{rel}","templated":true}]}}