{"id":57927,"date":"2026-01-16T22:41:18","date_gmt":"2026-01-17T01:41:18","guid":{"rendered":"https:\/\/mussicom.com\/eua-anunciam-junta-executiva-para-gaza-com-tony-blair-e-rubio\/"},"modified":"2026-01-16T22:41:18","modified_gmt":"2026-01-17T01:41:18","slug":"eua-anunciam-junta-executiva-para-gaza-com-tony-blair-e-rubio","status":"publish","type":"post","link":"https:\/\/mussicom.com\/noticias\/eua-anunciam-junta-executiva-para-gaza-com-tony-blair-e-rubio\/","title":{"rendered":"EUA anunciam Junta Executiva para Gaza com Tony Blair e Rubio"},"content":{"rendered":"<p> <br \/>\n<\/p>\n<div id=\"tp-post-content\">\n<p class=\"postParagraph_post-paragraph__juWZN postParagraph_post-paragraph-innerHtml__Q5vwc\">Os Estados Unidos anunciaram nesta sexta-feira (16) que uma Junta Executiva supervisionar\u00e1 o novo governo da Faixa de Gaza e ser\u00e1 composta, entre outros, pelo ex-primeiro-ministro brit\u00e2nico Tony Blair; pelo secret\u00e1rio de Estado americano, Marco Rubio; pelo enviado da Casa Branca Steve Witkoff; e por Jared Kushner, genro do presidente Donald Trump.<\/p>\n<p class=\"postParagraph_post-paragraph__juWZN postParagraph_post-paragraph-innerHtml__Q5vwc\">A lista \u00e9 completada por Marc Rowan, diretor da Apollo Global Management; Roberto Gabriel, assessor de Trump; e Ajay Banga, presidente do Banco Mundial.<\/p>\n<p class=\"postParagraph_post-paragraph__juWZN postParagraph_post-paragraph-innerHtml__Q5vwc\">De acordo com a Casa Branca, cada membro desta Junta Executiva assumir\u00e1 pastas espec\u00edficas, incluindo \u201cfortalecimento da capacidade de governan\u00e7a, rela\u00e7\u00f5es regionais, reconstru\u00e7\u00e3o, atra\u00e7\u00e3o de investimentos, garantia de financiamento em larga escala e mobiliza\u00e7\u00e3o de capital\u201d.<\/p>\n<p class=\"postParagraph_post-paragraph__juWZN postParagraph_post-paragraph-innerHtml__Q5vwc\">Tamb\u00e9m foi anunciado que o Alto Representante para Gaza ser\u00e1 o b\u00falgaro Nickolay Mladenov, que foi ministro das Rela\u00e7\u00f5es Exteriores de seu pa\u00eds e coordenador especial da ONU para o processo de paz no Oriente M\u00e9dio.<\/p>\n<p class=\"postParagraph_post-paragraph__juWZN postParagraph_post-paragraph-innerHtml__Q5vwc\">Tamb\u00e9m foi indicado que Jasper Jeffers, comandante de opera\u00e7\u00f5es especiais do Ex\u00e9rcito dos EUA, chefiar\u00e1 a For\u00e7a Internacional de Estabiliza\u00e7\u00e3o (FIE), o contingente da ONU encarregado de garantir a seguran\u00e7a e a desmilitariza\u00e7\u00e3o de Gaza, conforme estipulado no plano de paz de Trump.<\/p>\n<p class=\"postParagraph_post-paragraph__juWZN postParagraph_post-paragraph-innerHtml__Q5vwc\">O an\u00fancio da composi\u00e7\u00e3o da Junta Executiva ocorre ap\u00f3s a Casa Branca ter anunciado, esta semana, a segunda fase do plano de paz de Trump para Gaza, que envolve a forma\u00e7\u00e3o de um governo tecnocr\u00e1tico no enclave e o desarmamento do grupo terrorista Hamas.<\/p>\n<p class=\"postParagraph_post-paragraph__juWZN postParagraph_post-paragraph-innerHtml__Q5vwc\">Os nomes anunciados ser\u00e3o respons\u00e1veis \u200b\u200bpela implementa\u00e7\u00e3o dos planos do Conselho de Paz, uma comiss\u00e3o presidida pelo pr\u00f3prio Trump que supervisiona a implementa\u00e7\u00e3o do plano para o enclave.<\/p>\n<p class=\"postParagraph_post-paragraph__juWZN postParagraph_post-paragraph-innerHtml__Q5vwc\">O conselho tamb\u00e9m supervisionar\u00e1 o novo governo de Gaza, chamado de Comit\u00ea Nacional para a Administra\u00e7\u00e3o de Gaza, que ser\u00e1 composto por 15 membros e liderado pelo engenheiro Ali Shaaz.<\/p>\n<p class=\"postParagraph_post-paragraph__juWZN postParagraph_post-paragraph-innerHtml__Q5vwc\">A primeira fase do plano de paz, iniciada em outubro, previa um cessar-fogo, a liberta\u00e7\u00e3o de todos os ref\u00e9ns e a entrada de ajuda humanit\u00e1ria no enclave, embora desde ent\u00e3o ataques tenham ocorrido em Gaza.<\/p>\n<p class=\"postParagraph_post-paragraph__juWZN postParagraph_post-paragraph-innerHtml__Q5vwc\">Esta segunda fase contempla a forma\u00e7\u00e3o de um novo governo no enclave, que deve ser composto por palestinos que n\u00e3o sejam membros do Hamas.<\/p>\n<\/div>\n<p><br \/>\n<br \/>Fonte: <a href=\"https:\/\/www.gazetadopovo.com.br\/mundo\/eua-anunciam-junta-executiva-para-gaza-com-tony-blair-e-rubio\/\">Revista Oeste<\/a><\/p>\n","protected":false},"excerpt":{"rendered":"<p>Os Estados Unidos anunciaram nesta sexta-feira (16) que uma Junta Executiva supervisionar\u00e1 o novo governo da Faixa de Gaza e ser\u00e1 composta, entre outros, pelo ex-primeiro-ministro brit\u00e2nico Tony Blair; pelo secret\u00e1rio de Estado americano, Marco Rubio; pelo enviado da Casa Branca Steve Witkoff; e por Jared Kushner, genro do presidente Donald Trump. A lista \u00e9 [&hellip;]<\/p>\n","protected":false},"author":5,"featured_media":57928,"comment_status":"open","ping_status":"open","sticky":false,"template":"","format":"standard","meta":{"_seopress_robots_primary_cat":"","_seopress_titles_title":"","_seopress_titles_desc":"","_seopress_robots_index":"","footnotes":""},"categories":[1],"tags":[],"class_list":["post-57927","post","type-post","status-publish","format-standard","has-post-thumbnail","hentry","category-ultimas-noticias"],"_links":{"self":[{"href":"https:\/\/mussicom.com\/noticias\/wp-json\/wp\/v2\/posts\/57927","targetHints":{"allow":["GET"]}}],"collection":[{"href":"https:\/\/mussicom.com\/noticias\/wp-json\/wp\/v2\/posts"}],"about":[{"href":"https:\/\/mussicom.com\/noticias\/wp-json\/wp\/v2\/types\/post"}],"author":[{"embeddable":true,"href":"https:\/\/mussicom.com\/noticias\/wp-json\/wp\/v2\/users\/5"}],"replies":[{"embeddable":true,"href":"https:\/\/mussicom.com\/noticias\/wp-json\/wp\/v2\/comments?post=57927"}],"version-history":[{"count":0,"href":"https:\/\/mussicom.com\/noticias\/wp-json\/wp\/v2\/posts\/57927\/revisions"}],"wp:featuredmedia":[{"embeddable":true,"href":"https:\/\/mussicom.com\/noticias\/wp-json\/wp\/v2\/media\/57928"}],"wp:attachment":[{"href":"https:\/\/mussicom.com\/noticias\/wp-json\/wp\/v2\/media?parent=57927"}],"wp:term":[{"taxonomy":"category","embeddable":true,"href":"https:\/\/mussicom.com\/noticias\/wp-json\/wp\/v2\/categories?post=57927"},{"taxonomy":"post_tag","embeddable":true,"href":"https:\/\/mussicom.com\/noticias\/wp-json\/wp\/v2\/tags?post=57927"}],"curies":[{"name":"wp","href":"https:\/\/api.w.org\/{rel}","templated":true}]}}