{"id":57859,"date":"2026-01-16T18:37:12","date_gmt":"2026-01-16T21:37:12","guid":{"rendered":"https:\/\/mussicom.com\/a-real-motivacao-de-bolsonaro-na-papuda\/"},"modified":"2026-01-16T18:37:12","modified_gmt":"2026-01-16T21:37:12","slug":"a-real-motivacao-de-bolsonaro-na-papuda","status":"publish","type":"post","link":"https:\/\/mussicom.com\/noticias\/a-real-motivacao-de-bolsonaro-na-papuda\/","title":{"rendered":"a real motiva\u00e7\u00e3o de Bolsonaro na Papuda"},"content":{"rendered":"<p> <br \/>\n<\/p>\n<div id=\"tp-post-content\">\n<p class=\"postParagraph_post-paragraph__juWZN postParagraph_post-paragraph-innerHtml__Q5vwc\">No programa \u00daltima An\u00e1lise desta quinta-feira (15), os convidados analisaram a decis\u00e3o de Alexandre de Moraes que determinou o novo destino do ex-presidente Jair Bolsonaro: o pres\u00eddio da Papuda. O ministro decidiu por transferir o ex-presidente da Superintend\u00eancia da Pol\u00edcia Federal no Distrito Federal (DF) e ele j\u00e1 se encontra na nova destina\u00e7\u00e3o.<\/p>\n<p class=\"postParagraph_post-paragraph__juWZN postParagraph_post-paragraph-innerHtml__Q5vwc\">&#8220;Moraes quer a vingan\u00e7a, n\u00e3o quer a justi\u00e7a. Por\u00e9m, o grande risco que ele corre \u00e9 o de Bolsonaro falecer na Papuda. Caso isso ocorra, acho muito dif\u00edcil de aguentar o tranco das consequ\u00eancias&#8221;, alertou o escritor Francisco Escorsim. Ainda, ele afirma que o ministro busca inviabilizar a pr\u00f3pria fam\u00edlia Bolsonaro como alternativa pol\u00edtica para o pa\u00eds.<\/p>\n<p class=\"postParagraph_post-paragraph__juWZN postParagraph_post-paragraph-innerHtml__Q5vwc\">Na decis\u00e3o que determinou a transfer\u00eancia de Bolsonaro para a Papuda, Moraes enfatizou que, embora o cargo de ex-presidente garanta dignidade na cust\u00f3dia, o cumprimento da pena n\u00e3o deve ser confundido com uma &#8220;estadia hoteleira ou col\u00f4nia de f\u00e9rias&#8221;. Para o ministro, o cumprimento da pena&#8221;vem ocorrendo com absoluto respeito \u00e0 dignidade da pessoa humana e em condi\u00e7\u00f5es extremamente favor\u00e1veis em rela\u00e7\u00e3o ao restante do sistema penitenci\u00e1rio brasileiro&#8221;.<\/p>\n<p class=\"postParagraph_post-paragraph__juWZN postParagraph_post-paragraph-innerHtml__Q5vwc\">A advogada Fabiana Barroso, por\u00e9m, diz que n\u00e3o h\u00e1 fundamenta\u00e7\u00e3o f\u00e1tica, sendo a ida de Bolsonaro para a Papuda motivada por outra raz\u00e3o. &#8220;O recado \u00e9 pol\u00edtico, n\u00e3o \u00e9 jur\u00eddico. Vamos lembrar que Lula teve, quando preso em Curitiba, umas 600 visitas. Sem falar na quantidade de benevol\u00eancias. E ningu\u00e9m falou nada, porque ele detinha a condi\u00e7\u00e3o de ex-presidente. E essa condi\u00e7\u00e3o \u00e9 um diferencial, sim&#8221;, diz ela.<\/p>\n<p class=\"postParagraph_post-paragraph__juWZN postParagraph_post-paragraph-innerHtml__Q5vwc\">Moraes classificou as reclama\u00e7\u00f5es contra as condi\u00e7\u00f5es de aprisionamento de Bolsonaro como uma &#8220;campanha de not\u00edcias fraudulentas&#8221;. O juiz defende que, na verdade, elas s\u00e3o &#8220;excepcionalmente favor\u00e1veis&#8221; em compara\u00e7\u00e3o aos mais de 384 mil presos em regime fechado no Brasil, que enfrentam um sistema superlotado com taxa de ocupa\u00e7\u00e3o de 150,3%.<\/p>\n<p class=\"postParagraph_post-paragraph__juWZN postParagraph_post-paragraph-innerHtml__Q5vwc\">&#8220;Ainda que o sistema prisional brasileiro seja prec\u00e1rio, isso n\u00e3o serve de argumento para um tratamento como este de Bolsonaro na Papuda. O ex-presidente recebeu uma quantidade imensa de votos, representou o Brasil e assumiu o cargo mais elevado da na\u00e7\u00e3o. O poder p\u00fablico deve ter cautelas em rela\u00e7\u00e3o a isso&#8221;, analisou o ex-juiz de Direito Adriano Soares da Costa.<\/p>\n<h2 class=\"postParagraph_post-paragraph__juWZN postParagraph_post-paragraph-innerHtml__Q5vwc postParagraph_type-tag-h2__TtFkT\">Oposi\u00e7\u00e3o quer impeachment de Toffoli<\/h2>\n<p class=\"postParagraph_post-paragraph__juWZN postParagraph_post-paragraph-innerHtml__Q5vwc\">Senadores da oposi\u00e7\u00e3o apresentaram nesta quarta-feira (14) um pedido de impeachment contra o ministro\u00a0Dias Toffoli\u00a0por suposto crime de responsabilidade. Assinam o pedido os senadores Magno Malta (PL-ES), Eduardo Gir\u00e3o (Novo-CE) e Damares Alves (Republicanos-DF).<\/p>\n<p class=\"postParagraph_post-paragraph__juWZN postParagraph_post-paragraph-innerHtml__Q5vwc\">No \u00faltimo final de semana, o jornal\u00a0<em>Folha de S. Paulo<\/em>\u00a0revelou que duas empresas ligadas a\u00a0irm\u00e3os e a um primo de Toffoli\u00a0teriam como s\u00f3cio, at\u00e9 meados de 2025, um dos v\u00e1rios fundos de investimentos associados a suspeitas de fraudes cometidas pelo Banco Master.<\/p>\n<p class=\"postParagraph_post-paragraph__juWZN postParagraph_post-paragraph-innerHtml__Q5vwc\">&#8220;A atua\u00e7\u00e3o de Toffoli \u00e9 de um surrealismo completo. Um juiz minimamente digno j\u00e1 teria se dado por suspeito. O que ele est\u00e1 fazendo n\u00e3o \u00e9 somente se proteger a si mesmo, ele est\u00e1 expondo toda a magistratura nacional&#8221;, alerta Escorsim.<\/p>\n<p class=\"postParagraph_post-paragraph__juWZN postParagraph_post-paragraph-innerHtml__Q5vwc\">Soares da Costa diz que a atua\u00e7\u00e3o de Toffoli \u00e9, de fato, bastante question\u00e1vel. &#8220;Quando voc\u00ea v\u00ea um juiz buscando se autopreservar de investiga\u00e7\u00f5es que envolvem seus familiares, tomando medidas s\u00f4fregas e desesperadas, isto foge de qualquer padr\u00e3o constitucional legal&#8221;, ele avalia.<\/p>\n<p class=\"postParagraph_post-paragraph__juWZN postParagraph_post-paragraph-innerHtml__Q5vwc\">O programa \u00daltima An\u00e1lise faz parte do conte\u00fado jornal\u00edstico ao vivo da Gazeta do Povo, no YouTube. O hor\u00e1rio de exibi\u00e7\u00e3o \u00e9 das 19h \u00e0s 20h30, de segunda a sexta-feira. A proposta \u00e9 discutir de forma racional, aprofundada e respeitosa alguns dos temas desafiadores para os rumos do pa\u00eds.<\/p>\n<div class=\"postVideo_post-video-container__gWYCb\">\n<p><iframe title=\"\ud83d\udd34 AO VIVO - Moraes determina transfer\u00eancia imediata de Bolsonaro para a Papuda \/ \u00daLTIMA AN\u00c1LISE\" width=\"800\" height=\"450\" src=\"https:\/\/www.youtube.com\/embed\/hIDJVFTC68A?feature=oembed\" frameborder=\"0\" allow=\"accelerometer; autoplay; clipboard-write; encrypted-media; gyroscope; picture-in-picture; web-share\" referrerpolicy=\"strict-origin-when-cross-origin\" allowfullscreen><\/iframe><\/p>\n<\/div>\n<\/div>\n<p><br \/>\n<br \/>Fonte: <a href=\"https:\/\/www.gazetadopovo.com.br\/republica\/vinganca-nao-justica-a-real-motivacao-de-bolsonaro-na-papuda\/\">Revista Oeste<\/a><\/p>\n","protected":false},"excerpt":{"rendered":"<p>No programa \u00daltima An\u00e1lise desta quinta-feira (15), os convidados analisaram a decis\u00e3o de Alexandre de Moraes que determinou o novo destino do ex-presidente Jair Bolsonaro: o pres\u00eddio da Papuda. O ministro decidiu por transferir o ex-presidente da Superintend\u00eancia da Pol\u00edcia Federal no Distrito Federal (DF) e ele j\u00e1 se encontra na nova destina\u00e7\u00e3o. &#8220;Moraes quer [&hellip;]<\/p>\n","protected":false},"author":5,"featured_media":57860,"comment_status":"open","ping_status":"open","sticky":false,"template":"","format":"standard","meta":{"_seopress_robots_primary_cat":"","_seopress_titles_title":"","_seopress_titles_desc":"","_seopress_robots_index":"","footnotes":""},"categories":[1],"tags":[],"class_list":["post-57859","post","type-post","status-publish","format-standard","has-post-thumbnail","hentry","category-ultimas-noticias"],"_links":{"self":[{"href":"https:\/\/mussicom.com\/noticias\/wp-json\/wp\/v2\/posts\/57859","targetHints":{"allow":["GET"]}}],"collection":[{"href":"https:\/\/mussicom.com\/noticias\/wp-json\/wp\/v2\/posts"}],"about":[{"href":"https:\/\/mussicom.com\/noticias\/wp-json\/wp\/v2\/types\/post"}],"author":[{"embeddable":true,"href":"https:\/\/mussicom.com\/noticias\/wp-json\/wp\/v2\/users\/5"}],"replies":[{"embeddable":true,"href":"https:\/\/mussicom.com\/noticias\/wp-json\/wp\/v2\/comments?post=57859"}],"version-history":[{"count":0,"href":"https:\/\/mussicom.com\/noticias\/wp-json\/wp\/v2\/posts\/57859\/revisions"}],"wp:featuredmedia":[{"embeddable":true,"href":"https:\/\/mussicom.com\/noticias\/wp-json\/wp\/v2\/media\/57860"}],"wp:attachment":[{"href":"https:\/\/mussicom.com\/noticias\/wp-json\/wp\/v2\/media?parent=57859"}],"wp:term":[{"taxonomy":"category","embeddable":true,"href":"https:\/\/mussicom.com\/noticias\/wp-json\/wp\/v2\/categories?post=57859"},{"taxonomy":"post_tag","embeddable":true,"href":"https:\/\/mussicom.com\/noticias\/wp-json\/wp\/v2\/tags?post=57859"}],"curies":[{"name":"wp","href":"https:\/\/api.w.org\/{rel}","templated":true}]}}