{"id":5784,"date":"2025-03-14T23:32:58","date_gmt":"2025-03-15T02:32:58","guid":{"rendered":"https:\/\/www.mussicom.com\/ratinho-junior-defende-anistia-mas-nao-vai-ao-ato-no-rj\/"},"modified":"2025-03-14T23:32:58","modified_gmt":"2025-03-15T02:32:58","slug":"ratinho-junior-defende-anistia-mas-nao-vai-ao-ato-no-rj","status":"publish","type":"post","link":"https:\/\/mussicom.com\/noticias\/ratinho-junior-defende-anistia-mas-nao-vai-ao-ato-no-rj\/","title":{"rendered":"Ratinho J\u00fanior defende &#8216;anistia&#8217;, mas n\u00e3o vai ao ato no RJ"},"content":{"rendered":"<p> <br \/>\n<\/p>\n<div id=\"hd80s9wa1h892edh8192\">\n<p>O governador do Paran\u00e1, Ratinho J\u00fanior (PSD), afirmou, nesta quinta-feira, 13, que apoia a <strong>anistia<\/strong> dos envolvidos nos atos do 8 de janeiro de 2023. O pol\u00edtico, entretanto, disse que n\u00e3o vai participar da manifesta\u00e7\u00e3o promovida pelo ex-presidente Jair Bolsonaro na Praia de Copacabana, no Rio de Janeiro.<\/p>\n<p>\u201cSou favor\u00e1vel \u00e0 anistia, inclusive me coloquei \u00e0 disposi\u00e7\u00e3o para trabalhar junto dos deputados que conhe\u00e7o para que isso possa avan\u00e7ar\u201d, disse Ratinho. \u201cN\u00e3o acho justo que aqueles que fizeram vandalismo peguem 17 anos de pris\u00e3o, mas n\u00e3o vou participar do ato.\u201d<\/p>\n<p><strong>+ Leia mais not\u00edcias de Pol\u00edtica em Oeste <\/strong><\/p>\n<p>O pol\u00edtico participou do encontro anual do movimento <strong>Todos Pela Educa\u00e7\u00e3o<\/strong>, realizado em S\u00e3o Paulo. Durante o evento, ele alegou que vai dedicar o domingo \u00e0s articula\u00e7\u00f5es para a sua pr\u00e9-candidatura \u00e0 Presid\u00eancia da Rep\u00fablica.<\/p>\n<p>\u201cSegundo as pesquisas, sou o governador mais bem avaliado do pa\u00eds\u201d, justificou o governador. \u201cAgora, falta ser conhecido. Vou dedicar esse tempo para isso.\u201d<\/p>\n<figure class=\"wp-block-embed aligncenter is-type-video is-provider-youtube wp-block-embed-youtube wp-embed-aspect-16-9 wp-has-aspect-ratio\">\n<div class=\"wp-block-embed__wrapper\">\n<div class=\"perfmatters-lazy-youtube\" data-src=\"https:\/\/www.youtube.com\/embed\/Md3XqSRSmLU\" data-id=\"Md3XqSRSmLU\" data-query=\"start=2&amp;feature=oembed\" onclick=\"perfmattersLazyLoadYouTube(this);\">\n<div><img fetchpriority=\"high\" decoding=\"async\" src=\"https:\/\/i.ytimg.com\/vi\/Md3XqSRSmLU\/hqdefault.jpg\" alt=\"YouTube video\" width=\"480\" height=\"360\" data-pin-nopin=\"true\" nopin=\"nopin\"\/><\/div>\n<\/div>\n<p><noscript><iframe title=\"EXCLUSIVO: integrantes do governo Lula confessam medo de manifesta\u00e7\u00e3o pela anistia\" width=\"800\" height=\"450\" src=\"https:\/\/www.youtube.com\/embed\/Md3XqSRSmLU?feature=oembed\" frameborder=\"0\" allow=\"accelerometer; autoplay; clipboard-write; encrypted-media; gyroscope; picture-in-picture; web-share\" referrerpolicy=\"strict-origin-when-cross-origin\" allowfullscreen><\/iframe><\/noscript>\n<\/div>\n<\/figure>\n<p>Ratinho \u00e9 um dos nomes mais cotados como poss\u00edvel candidato da direita nas elei\u00e7\u00f5es de 2026. Nesse sentido, o pol\u00edtico espera contar com o apoio de Jair Bolsonaro caso confirme sua participa\u00e7\u00e3o na corrida presidencial.<\/p>\n<p>\u201cSe o meu partido assim permitir, \u00e9 \u00f3bvio que vou trabalhar para isso\u201d, disse Ratinho. \u201cAcho que qualquer cidad\u00e3o brasileiro, que ama o seu pa\u00eds, gostaria de ter essa oportunidade. Acho que o fato de tentar, s\u00f3 de ser candidato, \u00e9 um privil\u00e9gio para poucos.\u201d<\/p>\n<h2 class=\"wp-block-heading\"><strong>Ratinho diz que n\u00e3o viu \u201cmaldade\u201d na fala de Lula sobre Gleisi<\/strong><\/h2>\n<p><strong>O presidente Luiz In\u00e1cio Lula da Silva afirmou, na quarta-feira 12, que colocou uma \u201cmulher bonita\u201d no governo para ter boa rela\u00e7\u00e3o com os presidentes do Senado, Davi Alcolumbre (Uni\u00e3o Brasil-AP), e da C\u00e2mara, Hugo Motta (Republicanos-PB).<\/strong><\/p>\n<p>Lula se referiu a Gleisi Hoffmann, ministra-chefe da Secretaria de Rela\u00e7\u00f5es Institucionais da Presid\u00eancia da Rep\u00fablica.<\/p>\n<p><strong>+ Leia tamb\u00e9m: \u201cBrasileiros pelo mundo pedem anistia aos presos do 8 de janeiro\u201d <\/strong><\/p>\n<p>\u201c\u00c9 muito importante trazer aqui o presidente da C\u00e2mara e o presidente do Senado\u201d, disse Lula. \u201cPor isso, coloquei essa mulher bonita para ser ministra de Rela\u00e7\u00f5es Institucionais, porque n\u00e3o quero mais ter dist\u00e2ncia de voc\u00eas.\u201d \u00a0<\/p>\n<p>Interpelado sobre a postura do petista, Ratinho afirmou que n\u00e3o v\u00ea \u201cmaldade\u201d no ato. Ele acredita que talvez tenha sido \u201cuma tentativa de elogio\u201d por parte do presidente.<\/p>\n<\/p><\/div>\n<p><br \/>\n<br \/>Fonte: <a href=\"https:\/\/revistaoeste.com\/politica\/ratinho-junior-defende-anistia-mas-nao-vai-ao-ato-no-rj\/\">Ag\u00eancia Brasil<\/a><\/p>\n","protected":false},"excerpt":{"rendered":"<p>O governador do Paran\u00e1, Ratinho J\u00fanior (PSD), afirmou, nesta quinta-feira, 13, que apoia a anistia dos envolvidos nos atos do 8 de janeiro de 2023. O pol\u00edtico, entretanto, disse que n\u00e3o vai participar da manifesta\u00e7\u00e3o promovida pelo ex-presidente Jair Bolsonaro na Praia de Copacabana, no Rio de Janeiro. \u201cSou favor\u00e1vel \u00e0 anistia, inclusive me coloquei [&hellip;]<\/p>\n","protected":false},"author":5,"featured_media":5786,"comment_status":"open","ping_status":"open","sticky":false,"template":"","format":"standard","meta":{"_seopress_robots_primary_cat":"","_seopress_titles_title":"","_seopress_titles_desc":"","_seopress_robots_index":"","footnotes":""},"categories":[47,1],"tags":[],"class_list":["post-5784","post","type-post","status-publish","format-standard","has-post-thumbnail","hentry","category-politica","category-ultimas-noticias"],"_links":{"self":[{"href":"https:\/\/mussicom.com\/noticias\/wp-json\/wp\/v2\/posts\/5784","targetHints":{"allow":["GET"]}}],"collection":[{"href":"https:\/\/mussicom.com\/noticias\/wp-json\/wp\/v2\/posts"}],"about":[{"href":"https:\/\/mussicom.com\/noticias\/wp-json\/wp\/v2\/types\/post"}],"author":[{"embeddable":true,"href":"https:\/\/mussicom.com\/noticias\/wp-json\/wp\/v2\/users\/5"}],"replies":[{"embeddable":true,"href":"https:\/\/mussicom.com\/noticias\/wp-json\/wp\/v2\/comments?post=5784"}],"version-history":[{"count":0,"href":"https:\/\/mussicom.com\/noticias\/wp-json\/wp\/v2\/posts\/5784\/revisions"}],"wp:featuredmedia":[{"embeddable":true,"href":"https:\/\/mussicom.com\/noticias\/wp-json\/wp\/v2\/media\/5786"}],"wp:attachment":[{"href":"https:\/\/mussicom.com\/noticias\/wp-json\/wp\/v2\/media?parent=5784"}],"wp:term":[{"taxonomy":"category","embeddable":true,"href":"https:\/\/mussicom.com\/noticias\/wp-json\/wp\/v2\/categories?post=5784"},{"taxonomy":"post_tag","embeddable":true,"href":"https:\/\/mussicom.com\/noticias\/wp-json\/wp\/v2\/tags?post=5784"}],"curies":[{"name":"wp","href":"https:\/\/api.w.org\/{rel}","templated":true}]}}