{"id":57754,"date":"2026-01-15T17:30:14","date_gmt":"2026-01-15T20:30:14","guid":{"rendered":"https:\/\/mussicom.com\/rio-reforca-vacinacao-contra-o-sarampo-e-febre-amarela\/"},"modified":"2026-01-15T17:30:14","modified_gmt":"2026-01-15T20:30:14","slug":"rio-reforca-vacinacao-contra-o-sarampo-e-febre-amarela","status":"publish","type":"post","link":"https:\/\/mussicom.com\/noticias\/rio-reforca-vacinacao-contra-o-sarampo-e-febre-amarela\/","title":{"rendered":"Rio refor\u00e7a vacina\u00e7\u00e3o contra o sarampo e febre amarela"},"content":{"rendered":"<p> <br \/>\n<\/p>\n<div>\n<p>A Secretaria Municipal de Sa\u00fade do Rio de Janeiro iniciou nesta quinta-feira (15) o refor\u00e7o da vacina\u00e7\u00e3o contra o sarampo e a febre amarela em v\u00e1rios postos na cidade. <strong>No Aeroporto Santos Dumont, no centro, foi montado um ponto de vacina\u00e7\u00e3o para vacinar o p\u00fablico jovem e adulto com a tr\u00edplice viral, que protege contra sarampo, caxumba e rub\u00e9ola, e contra a febre amarela e a influenza.<\/strong>\u00a0<img decoding=\"async\" src=\"https:\/\/agenciabrasil.ebc.com.br\/ebc.gif?id=1675069&amp;o=node\" style=\"width:1px; height:1px; display:inline;\"\/><\/p>\n<p>O posto funcionar\u00e1 at\u00e9 o dia 30 de janeiro, de segunda-feira a sexta-feira, das 8h \u00e0s 16h, no primeiro andar do aeroporto.<\/p>\n<p><strong>A intensifica\u00e7\u00e3o da vacina\u00e7\u00e3o em local de grande movimenta\u00e7\u00e3o e entrada na cidade foi motivada pelo aumento dos casos de sarampo nos Estados Unidos, Canad\u00e1, M\u00e9xico, Bol\u00edvia, entre outros pa\u00edses.<\/strong> Os casos de febre amarela em estados vizinhos tamb\u00e9m colocaram a rede municipal de sa\u00fade em alerta.\u00a0<\/p>\n<p>As viagens dos cariocas e a chegada de turistas ao Rio no ver\u00e3o tamb\u00e9m s\u00e3o os principais fatores que redobram a imuniza\u00e7\u00e3o nesta \u00e9poca do ano. Desde 2023, o munic\u00edpio n\u00e3o tem casos confirmados de sarampo entre os moradores.<\/p>\n<h2>Transmiss\u00e3o<\/h2>\n<p><strong>O sarampo \u00e9 uma doen\u00e7a febril aguda, altamente transmiss\u00edvel, que pode afetar pessoas de todas as idades.<\/strong> Sua transmiss\u00e3o ocorre diretamente por contato pessoa a pessoa, por meio de got\u00edculas de secre\u00e7\u00f5es expelidas ao falar, tossir ou espirrar. O cont\u00e1gio se d\u00e1, ainda, por dispers\u00e3o de got\u00edculas contendo part\u00edculas virais no ar, especialmente em ambientes fechados.<\/p>\n<p><strong>A prefeitura instalou outros pontos de vacina\u00e7\u00e3o em parques na cidade para atender pessoas a partir de 4 anos de idade:<\/strong>\u00a0<\/p>\n<ul>\n<li>Rita Lee, na Barra da Tijuca, nos dias 13, 15, 22, 27 e 29 de janeiro, das 8h \u00e0s 12h;\u00a0<\/li>\n<li>Piedade, nos dias 14, 16, 21, 23, 28 e 30 de janeiro, das 8h \u00e0s 12h;\u00a0<\/li>\n<li>Oeste, nos dias 13, 15, 22, 27 e 29 de janeiro, das 8h \u00e0s 12h;\u00a0<\/li>\n<li>Pavuna e Madureira, nos dias 22 e 29 de janeiro, respectivamente, das 9h \u00e0s 12h.<\/li>\n<\/ul>\n<p><strong>A secretaria vai divulgar nas pr\u00f3ximas semanas novos postos de vacina\u00e7\u00e3o.<\/strong>\u00a0<\/p>\n<p>As vacinas est\u00e3o dispon\u00edveis tamb\u00e9m nas 241 salas de imuniza\u00e7\u00e3o espalhadas pela cidade, incluindo o Super Centro Carioca de Vacina\u00e7\u00e3o, com unidades em Botafogo, zona oeste e zona norte do Rio de Janeiro.<\/p>\n<p>      <!-- Relacionada --><\/p>\n<p>            <!-- Relacionada -->\n    <\/div>\n<p><br \/>\n<br \/>Fonte: <a href=\"https:\/\/agenciabrasil.ebc.com.br\/saude\/noticia\/2026-01\/rio-reforca-vacinacao-contra-o-sarampo-e-febre-amarela\">Ag\u00eancia Brasil<\/a><\/p>\n","protected":false},"excerpt":{"rendered":"<p>A Secretaria Municipal de Sa\u00fade do Rio de Janeiro iniciou nesta quinta-feira (15) o refor\u00e7o da vacina\u00e7\u00e3o contra o sarampo e a febre amarela em v\u00e1rios postos na cidade. No Aeroporto Santos Dumont, no centro, foi montado um ponto de vacina\u00e7\u00e3o para vacinar o p\u00fablico jovem e adulto com a tr\u00edplice viral, que protege contra [&hellip;]<\/p>\n","protected":false},"author":5,"featured_media":31260,"comment_status":"open","ping_status":"open","sticky":false,"template":"","format":"standard","meta":{"_seopress_robots_primary_cat":"","_seopress_titles_title":"","_seopress_titles_desc":"","_seopress_robots_index":"","footnotes":""},"categories":[46],"tags":[],"class_list":["post-57754","post","type-post","status-publish","format-standard","has-post-thumbnail","hentry","category-saude"],"_links":{"self":[{"href":"https:\/\/mussicom.com\/noticias\/wp-json\/wp\/v2\/posts\/57754","targetHints":{"allow":["GET"]}}],"collection":[{"href":"https:\/\/mussicom.com\/noticias\/wp-json\/wp\/v2\/posts"}],"about":[{"href":"https:\/\/mussicom.com\/noticias\/wp-json\/wp\/v2\/types\/post"}],"author":[{"embeddable":true,"href":"https:\/\/mussicom.com\/noticias\/wp-json\/wp\/v2\/users\/5"}],"replies":[{"embeddable":true,"href":"https:\/\/mussicom.com\/noticias\/wp-json\/wp\/v2\/comments?post=57754"}],"version-history":[{"count":0,"href":"https:\/\/mussicom.com\/noticias\/wp-json\/wp\/v2\/posts\/57754\/revisions"}],"wp:featuredmedia":[{"embeddable":true,"href":"https:\/\/mussicom.com\/noticias\/wp-json\/wp\/v2\/media\/31260"}],"wp:attachment":[{"href":"https:\/\/mussicom.com\/noticias\/wp-json\/wp\/v2\/media?parent=57754"}],"wp:term":[{"taxonomy":"category","embeddable":true,"href":"https:\/\/mussicom.com\/noticias\/wp-json\/wp\/v2\/categories?post=57754"},{"taxonomy":"post_tag","embeddable":true,"href":"https:\/\/mussicom.com\/noticias\/wp-json\/wp\/v2\/tags?post=57754"}],"curies":[{"name":"wp","href":"https:\/\/api.w.org\/{rel}","templated":true}]}}