{"id":57653,"date":"2026-01-11T21:37:15","date_gmt":"2026-01-12T00:37:15","guid":{"rendered":"https:\/\/mussicom.com\/neymar-elogia-reestreia-de-gabigol-e-projeta-repetir-dupla-de-ouro-no-santos\/"},"modified":"2026-01-11T21:37:15","modified_gmt":"2026-01-12T00:37:15","slug":"neymar-elogia-reestreia-de-gabigol-e-projeta-repetir-dupla-de-ouro-no-santos","status":"publish","type":"post","link":"https:\/\/mussicom.com\/noticias\/neymar-elogia-reestreia-de-gabigol-e-projeta-repetir-dupla-de-ouro-no-santos\/","title":{"rendered":"Neymar elogia reestreia de Gabigol e projeta repetir dupla de \u201couro\u201d no Santos"},"content":{"rendered":"<p> <br \/>\n<\/p>\n<div>\n<div id=\"attachment_177414\" style=\"width: 981px\" class=\"wp-caption aligncenter\"><img alt=\"\" fetchpriority=\"high\" fetchpriority=\"high\" decoding=\"async\" aria-describedby=\"caption-attachment-177414\" class=\" wp-image-177414\" src=\"https:\/\/www.diariodopeixe.com.br\/wp-content\/uploads\/2026\/01\/IMG_9804-300x300.jpeg\" alt=\"\" width=\"971\" height=\"971\" srcset=\"https:\/\/www.diariodopeixe.com.br\/wp-content\/uploads\/2026\/01\/IMG_9804-66x66.jpeg 66w, https:\/\/www.diariodopeixe.com.br\/wp-content\/uploads\/2026\/01\/IMG_9804-150x150.jpeg 150w, https:\/\/www.diariodopeixe.com.br\/wp-content\/uploads\/2026\/01\/IMG_9804-200x200.jpeg 200w, https:\/\/www.diariodopeixe.com.br\/wp-content\/uploads\/2026\/01\/IMG_9804-300x300.jpeg 300w, https:\/\/www.diariodopeixe.com.br\/wp-content\/uploads\/2026\/01\/IMG_9804-400x400.jpeg 400w, https:\/\/www.diariodopeixe.com.br\/wp-content\/uploads\/2026\/01\/IMG_9804-600x601.jpeg 600w, https:\/\/www.diariodopeixe.com.br\/wp-content\/uploads\/2026\/01\/IMG_9804-768x769.jpeg 768w, https:\/\/www.diariodopeixe.com.br\/wp-content\/uploads\/2026\/01\/IMG_9804-800x801.jpeg 800w, https:\/\/www.diariodopeixe.com.br\/wp-content\/uploads\/2026\/01\/IMG_9804-1024x1024.jpeg 1024w, https:\/\/www.diariodopeixe.com.br\/wp-content\/uploads\/2026\/01\/IMG_9804-1200x1201.jpeg 1200w, https:\/\/www.diariodopeixe.com.br\/wp-content\/uploads\/2026\/01\/IMG_9804-1534x1536.jpeg 1534w, https:\/\/www.diariodopeixe.com.br\/wp-content\/uploads\/2026\/01\/IMG_9804.jpeg 1829w\" sizes=\"(max-width: 971px) 100vw, 971px\"\/><\/p>\n<p id=\"caption-attachment-177414\" class=\"wp-caption-text\">Neymar e Gabigol ganharam juntos o primeiro Ouro Ol\u00edmpico do futebol brasileiro (Foto: Divulga\u00e7\u00e3o \/ FIFA)<\/p>\n<\/div>\n<p>Neymar comentou sobre a perspectiva de atuar novamente com Gabigol no <strong>Santos<\/strong> e aprovou a estreia do atacante, autor do primeiro gol da vit\u00f3ria santista por 2 a 1 sobre o Novorizontino, neste s\u00e1bado, na Vila Belmiro, pelo Campeonato Paulista.<\/p>\n<p>Durante participa\u00e7\u00e3o na Copa do Mundo da Kings League, em Guarulhos, o camisa 10 foi questionado pelo seu amigo Cris Guedes se a parceria com Gabigol \u201cvai dar certo\u201d no Santos. Neymar respondeu com breves frases: \u201cO match vai dar bom.\u201d<\/p>\n<p>Na sequ\u00eancia, ele recordou uma experi\u00eancia em que dividiram o ataque e tiveram uma conquista importante para o futebol brasileiro.<\/p>\n<p>\u201c\u00danica vez que a gente jogou junto, a gente trouxe o que faltava para o Brasil [Medalha de Ouro das Olimp\u00edadas]. Ent\u00e3o esquece. Ent\u00e3o n\u00e3o tem hist\u00f3ria\u201d, afirmou.<\/p>\n<p>Ao ser perguntado se aprovou o desempenho do atacante na estreia, Neymar destacou o poder de finaliza\u00e7\u00e3o do companheiro:<\/p>\n<p>\u201cO menino \u00e9 brocador. Sobrou ali, esquece\u201d, concluiu.<\/p>\n<h3>Presen\u00e7a na Kings League<\/h3>\n<p>Neymar esteve na arena em Guarulhos para acompanhar o duelo entre Brasil e Peru, neste domingo (11), pela Copa do Mundo da Kings League, competi\u00e7\u00e3o de futebol 7 organizada por Gerard Piqu\u00e9. A partida valia vaga nas quartas de final do torneio internacional.<\/p>\n<p>Al\u00e9m de atleta, Neymar tamb\u00e9m atua como presidente da F\u00faria, equipe que participa da competi\u00e7\u00e3o. O time venceu o primeiro split da edi\u00e7\u00e3o brasileira da Kings League, disputado em maio de 2025.<\/p>\n<h3>Situa\u00e7\u00e3o f\u00edsica<\/h3>\n<p>Com contrato renovado com o Santos at\u00e9 dezembro de 2026, Neymar se recupera de uma artroscopia no joelho esquerdo realizada em 22 de dezembro. No momento, ele realiza fisioterapia no CT Rei Pel\u00e9 e n\u00e3o tem prazo definido para retornar aos gramados.<\/p>\n<p>Durante o per\u00edodo de recupera\u00e7\u00e3o, o atleta tem acompanhado eventos esportivos, como a pr\u00f3pria Kings League e a estreia santista no Paulist\u00e3o.<\/p>\n<\/p><\/div>\n<p><br \/>\n<br \/>Fonte: <a href=\"https:\/\/www.diariodopeixe.com.br\/noticias\/neymar-elogia-reestreia-de-gabigol-e-projeta-repetir-dupla-de-ouro-no-santos\/\">Placar<\/a><\/p>\n","protected":false},"excerpt":{"rendered":"<p>Neymar e Gabigol ganharam juntos o primeiro Ouro Ol\u00edmpico do futebol brasileiro (Foto: Divulga\u00e7\u00e3o \/ FIFA) Neymar comentou sobre a perspectiva de atuar novamente com Gabigol no Santos e aprovou a estreia do atacante, autor do primeiro gol da vit\u00f3ria santista por 2 a 1 sobre o Novorizontino, neste s\u00e1bado, na Vila Belmiro, pelo Campeonato [&hellip;]<\/p>\n","protected":false},"author":5,"featured_media":57654,"comment_status":"open","ping_status":"open","sticky":false,"template":"","format":"standard","meta":{"_seopress_robots_primary_cat":"","_seopress_titles_title":"","_seopress_titles_desc":"","_seopress_robots_index":"","footnotes":""},"categories":[55],"tags":[],"class_list":["post-57653","post","type-post","status-publish","format-standard","has-post-thumbnail","hentry","category-santos-fc"],"_links":{"self":[{"href":"https:\/\/mussicom.com\/noticias\/wp-json\/wp\/v2\/posts\/57653","targetHints":{"allow":["GET"]}}],"collection":[{"href":"https:\/\/mussicom.com\/noticias\/wp-json\/wp\/v2\/posts"}],"about":[{"href":"https:\/\/mussicom.com\/noticias\/wp-json\/wp\/v2\/types\/post"}],"author":[{"embeddable":true,"href":"https:\/\/mussicom.com\/noticias\/wp-json\/wp\/v2\/users\/5"}],"replies":[{"embeddable":true,"href":"https:\/\/mussicom.com\/noticias\/wp-json\/wp\/v2\/comments?post=57653"}],"version-history":[{"count":0,"href":"https:\/\/mussicom.com\/noticias\/wp-json\/wp\/v2\/posts\/57653\/revisions"}],"wp:featuredmedia":[{"embeddable":true,"href":"https:\/\/mussicom.com\/noticias\/wp-json\/wp\/v2\/media\/57654"}],"wp:attachment":[{"href":"https:\/\/mussicom.com\/noticias\/wp-json\/wp\/v2\/media?parent=57653"}],"wp:term":[{"taxonomy":"category","embeddable":true,"href":"https:\/\/mussicom.com\/noticias\/wp-json\/wp\/v2\/categories?post=57653"},{"taxonomy":"post_tag","embeddable":true,"href":"https:\/\/mussicom.com\/noticias\/wp-json\/wp\/v2\/tags?post=57653"}],"curies":[{"name":"wp","href":"https:\/\/api.w.org\/{rel}","templated":true}]}}