{"id":57638,"date":"2026-01-11T09:34:16","date_gmt":"2026-01-11T12:34:16","guid":{"rendered":"https:\/\/mussicom.com\/meninos-do-santos-voltam-para-a-copinha-apos-a-estreia-no-paulistao\/"},"modified":"2026-01-11T09:34:16","modified_gmt":"2026-01-11T12:34:16","slug":"meninos-do-santos-voltam-para-a-copinha-apos-a-estreia-no-paulistao","status":"publish","type":"post","link":"https:\/\/mussicom.com\/noticias\/meninos-do-santos-voltam-para-a-copinha-apos-a-estreia-no-paulistao\/","title":{"rendered":"Meninos do Santos voltam para a Copinha ap\u00f3s a estreia no Paulist\u00e3o"},"content":{"rendered":"<p> <br \/>\n<\/p>\n<div id=\"post-177393\">\n<div class=\"post-content\">\n<div id=\"attachment_177394\" style=\"width: 1005px\" class=\"wp-caption aligncenter\"><\/p>\n<p id=\"caption-attachment-177394\" class=\"wp-caption-text\">Mateus Xavier entrou na vit\u00f3ria do Santos sobre o Novorizontino no Paulist\u00e3o (Cr\u00e9dito: Raul Baretta\/SantosFC)<\/p>\n<\/div>\n<p>Depois de participarem da estreia do <strong>Santos<\/strong> no Paulist\u00e3o diante do Novorizontino, os Meninos da Vila Gustavo Henrique, Pepe Fermino e Mateus Xavier v\u00e3o voltar para a disputa da Copinha 2026. Apenas Vini Lira vai seguir integrado ao elenco profissional.<\/p>\n<p>Em nota divulgada na noite deste s\u00e1bado, o Santos afirmou que a decis\u00e3o faz parte do projeto de transi\u00e7\u00e3o\/integra\u00e7\u00e3o entre base e profissional.\u00a0Os atletas ficam \u00e0 disposi\u00e7\u00e3o do t\u00e9cnico Vinicius Marques para a partida contra o Cuiab\u00e1, nesta segunda-feira (12), pela segunda fase da Copinha.<\/p>\n<p>Gustavo Henrique e Mateus Xavier chegaram a entrar na partida contra o Novorizontino e tiveram boas participa\u00e7\u00f5es na partida. J\u00e1 Pepe Fermino ficou no banco de reservas no confronto deste s\u00e1bado, na Vila Belmiro.<\/p>\n<p>Na Copinha, Gustavo Henrique \u00e9 o capit\u00e3o da equipe e Mateus Xavier o artilheiro, com quatro gols marcados. O Santos enfrenta o Cuiab\u00e1 nesta segunda-feira, \u00e0s 17h30min, em partida eliminat\u00f3ria.<\/p>\n<p>\u00a0<\/p>\n<\/p><\/div>\n<div class=\"fusion-sharing-box fusion-theme-sharing-box fusion-single-sharing-box\">\n<h4>Compartilhe essa not\u00edcia, escolha a sua rede!<\/h4>\n<\/p><\/div>\n<p>\t\t<!-- #respond -->\n\t\t\t\t\t\t\t\t\t\t\t\t\t\t<\/div>\n<p><br \/>\n<br \/>Fonte: <a href=\"https:\/\/www.diariodopeixe.com.br\/noticias\/meninos-do-santos-voltam-para-a-copinha-apos-a-estreia-no-paulistao\/\">Placar<\/a><\/p>\n","protected":false},"excerpt":{"rendered":"<p>Mateus Xavier entrou na vit\u00f3ria do Santos sobre o Novorizontino no Paulist\u00e3o (Cr\u00e9dito: Raul Baretta\/SantosFC) Depois de participarem da estreia do Santos no Paulist\u00e3o diante do Novorizontino, os Meninos da Vila Gustavo Henrique, Pepe Fermino e Mateus Xavier v\u00e3o voltar para a disputa da Copinha 2026. Apenas Vini Lira vai seguir integrado ao elenco profissional. [&hellip;]<\/p>\n","protected":false},"author":5,"featured_media":57639,"comment_status":"open","ping_status":"open","sticky":false,"template":"","format":"standard","meta":{"_seopress_robots_primary_cat":"","_seopress_titles_title":"","_seopress_titles_desc":"","_seopress_robots_index":"","footnotes":""},"categories":[55],"tags":[],"class_list":["post-57638","post","type-post","status-publish","format-standard","has-post-thumbnail","hentry","category-santos-fc"],"_links":{"self":[{"href":"https:\/\/mussicom.com\/noticias\/wp-json\/wp\/v2\/posts\/57638","targetHints":{"allow":["GET"]}}],"collection":[{"href":"https:\/\/mussicom.com\/noticias\/wp-json\/wp\/v2\/posts"}],"about":[{"href":"https:\/\/mussicom.com\/noticias\/wp-json\/wp\/v2\/types\/post"}],"author":[{"embeddable":true,"href":"https:\/\/mussicom.com\/noticias\/wp-json\/wp\/v2\/users\/5"}],"replies":[{"embeddable":true,"href":"https:\/\/mussicom.com\/noticias\/wp-json\/wp\/v2\/comments?post=57638"}],"version-history":[{"count":0,"href":"https:\/\/mussicom.com\/noticias\/wp-json\/wp\/v2\/posts\/57638\/revisions"}],"wp:featuredmedia":[{"embeddable":true,"href":"https:\/\/mussicom.com\/noticias\/wp-json\/wp\/v2\/media\/57639"}],"wp:attachment":[{"href":"https:\/\/mussicom.com\/noticias\/wp-json\/wp\/v2\/media?parent=57638"}],"wp:term":[{"taxonomy":"category","embeddable":true,"href":"https:\/\/mussicom.com\/noticias\/wp-json\/wp\/v2\/categories?post=57638"},{"taxonomy":"post_tag","embeddable":true,"href":"https:\/\/mussicom.com\/noticias\/wp-json\/wp\/v2\/tags?post=57638"}],"curies":[{"name":"wp","href":"https:\/\/api.w.org\/{rel}","templated":true}]}}