{"id":57540,"date":"2026-01-07T18:39:15","date_gmt":"2026-01-07T21:39:15","guid":{"rendered":"https:\/\/mussicom.com\/roteiro-pelo-centro-historico-de-santos-une-patrimonio-e-cultura\/"},"modified":"2026-01-07T18:39:15","modified_gmt":"2026-01-07T21:39:15","slug":"roteiro-pelo-centro-historico-de-santos-une-patrimonio-e-cultura","status":"publish","type":"post","link":"https:\/\/mussicom.com\/noticias\/roteiro-pelo-centro-historico-de-santos-une-patrimonio-e-cultura\/","title":{"rendered":"Roteiro pelo Centro Hist\u00f3rico de Santos une patrim\u00f4nio e cultura"},"content":{"rendered":"<p> <br \/>\n<\/p>\n<div><\/p>\n<div>Roteiro a p\u00e9 re\u00fane Pra\u00e7a Mau\u00e1, Pal\u00e1cio Jos\u00e9 Bonif\u00e1cio, Rua XV de Novembro e Museu do Caf\u00e9 como op\u00e7\u00f5es de lazer cultural nas f\u00e9rias de ver\u00e3o Famosa pelo seu belo e maior jardim de praia em extens\u00e3o do mundo, Santos oferece diversas op\u00e7\u00f5es de lazer, cultura e contato com a natureza, especialmente durante as f\u00e9rias [\u2026]<\/div>\n<\/div>\n<p><br \/>\n<br \/>Fonte: <a href=\"https:\/\/jornaldaorla.com.br\/noticias\/roteiro-pelo-centro-historico-de-santos-une-patrimonio-e-cultura\/\">Jornal Da Orla<\/a><\/p>\n","protected":false},"excerpt":{"rendered":"<p>Roteiro a p\u00e9 re\u00fane Pra\u00e7a Mau\u00e1, Pal\u00e1cio Jos\u00e9 Bonif\u00e1cio, Rua XV de Novembro e Museu do Caf\u00e9 como op\u00e7\u00f5es de lazer cultural nas f\u00e9rias de ver\u00e3o Famosa pelo seu belo e maior jardim de praia em extens\u00e3o do mundo, Santos oferece diversas op\u00e7\u00f5es de lazer, cultura e contato com a natureza, especialmente durante as f\u00e9rias [&hellip;]<\/p>\n","protected":false},"author":5,"featured_media":57541,"comment_status":"open","ping_status":"open","sticky":false,"template":"","format":"standard","meta":{"_seopress_robots_primary_cat":"","_seopress_titles_title":"","_seopress_titles_desc":"","_seopress_robots_index":"","footnotes":""},"categories":[52],"tags":[],"class_list":["post-57540","post","type-post","status-publish","format-standard","has-post-thumbnail","hentry","category-santoseregiao"],"_links":{"self":[{"href":"https:\/\/mussicom.com\/noticias\/wp-json\/wp\/v2\/posts\/57540","targetHints":{"allow":["GET"]}}],"collection":[{"href":"https:\/\/mussicom.com\/noticias\/wp-json\/wp\/v2\/posts"}],"about":[{"href":"https:\/\/mussicom.com\/noticias\/wp-json\/wp\/v2\/types\/post"}],"author":[{"embeddable":true,"href":"https:\/\/mussicom.com\/noticias\/wp-json\/wp\/v2\/users\/5"}],"replies":[{"embeddable":true,"href":"https:\/\/mussicom.com\/noticias\/wp-json\/wp\/v2\/comments?post=57540"}],"version-history":[{"count":0,"href":"https:\/\/mussicom.com\/noticias\/wp-json\/wp\/v2\/posts\/57540\/revisions"}],"wp:featuredmedia":[{"embeddable":true,"href":"https:\/\/mussicom.com\/noticias\/wp-json\/wp\/v2\/media\/57541"}],"wp:attachment":[{"href":"https:\/\/mussicom.com\/noticias\/wp-json\/wp\/v2\/media?parent=57540"}],"wp:term":[{"taxonomy":"category","embeddable":true,"href":"https:\/\/mussicom.com\/noticias\/wp-json\/wp\/v2\/categories?post=57540"},{"taxonomy":"post_tag","embeddable":true,"href":"https:\/\/mussicom.com\/noticias\/wp-json\/wp\/v2\/tags?post=57540"}],"curies":[{"name":"wp","href":"https:\/\/api.w.org\/{rel}","templated":true}]}}