{"id":57537,"date":"2026-01-07T17:38:17","date_gmt":"2026-01-07T20:38:17","guid":{"rendered":"https:\/\/mussicom.com\/praia-acessivel-leva-inclusao-e-lazer-a-orla-de-guaruja\/"},"modified":"2026-01-07T17:38:17","modified_gmt":"2026-01-07T20:38:17","slug":"praia-acessivel-leva-inclusao-e-lazer-a-orla-de-guaruja","status":"publish","type":"post","link":"https:\/\/mussicom.com\/noticias\/praia-acessivel-leva-inclusao-e-lazer-a-orla-de-guaruja\/","title":{"rendered":"&#039;Praia Acess\u00edvel&#039; leva inclus\u00e3o e lazer \u00e0 orla de Guaruj\u00e1"},"content":{"rendered":"<p> <br \/>\n<\/p>\n<div><\/p>\n<div>Em mais uma temporada de ver\u00e3o, iniciativa garante lazer seguro no mar para pessoas com defici\u00eancia, idosos e pessoas com mobilidade reduzida Com a chegada de mais uma temporada de ver\u00e3o, o Programa Praia Acess\u00edvel, mantido pela Prefeitura de Guaruj\u00e1, por meio da Secretaria de Esporte e Lazer (Sel), \u00e9 uma excelente op\u00e7\u00e3o de lazer. [\u2026]<\/div>\n<\/div>\n<p><br \/>\n<br \/>Fonte: <a href=\"https:\/\/jornaldaorla.com.br\/noticias\/praia-acessivel-leva-inclusao-e-lazer-a-orla-de-guaruja\/\">Jornal Da Orla<\/a><\/p>\n","protected":false},"excerpt":{"rendered":"<p>Em mais uma temporada de ver\u00e3o, iniciativa garante lazer seguro no mar para pessoas com defici\u00eancia, idosos e pessoas com mobilidade reduzida Com a chegada de mais uma temporada de ver\u00e3o, o Programa Praia Acess\u00edvel, mantido pela Prefeitura de Guaruj\u00e1, por meio da Secretaria de Esporte e Lazer (Sel), \u00e9 uma excelente op\u00e7\u00e3o de lazer. [&hellip;]<\/p>\n","protected":false},"author":5,"featured_media":57538,"comment_status":"open","ping_status":"open","sticky":false,"template":"","format":"standard","meta":{"_seopress_robots_primary_cat":"","_seopress_titles_title":"","_seopress_titles_desc":"","_seopress_robots_index":"","footnotes":""},"categories":[52],"tags":[],"class_list":["post-57537","post","type-post","status-publish","format-standard","has-post-thumbnail","hentry","category-santoseregiao"],"_links":{"self":[{"href":"https:\/\/mussicom.com\/noticias\/wp-json\/wp\/v2\/posts\/57537","targetHints":{"allow":["GET"]}}],"collection":[{"href":"https:\/\/mussicom.com\/noticias\/wp-json\/wp\/v2\/posts"}],"about":[{"href":"https:\/\/mussicom.com\/noticias\/wp-json\/wp\/v2\/types\/post"}],"author":[{"embeddable":true,"href":"https:\/\/mussicom.com\/noticias\/wp-json\/wp\/v2\/users\/5"}],"replies":[{"embeddable":true,"href":"https:\/\/mussicom.com\/noticias\/wp-json\/wp\/v2\/comments?post=57537"}],"version-history":[{"count":0,"href":"https:\/\/mussicom.com\/noticias\/wp-json\/wp\/v2\/posts\/57537\/revisions"}],"wp:featuredmedia":[{"embeddable":true,"href":"https:\/\/mussicom.com\/noticias\/wp-json\/wp\/v2\/media\/57538"}],"wp:attachment":[{"href":"https:\/\/mussicom.com\/noticias\/wp-json\/wp\/v2\/media?parent=57537"}],"wp:term":[{"taxonomy":"category","embeddable":true,"href":"https:\/\/mussicom.com\/noticias\/wp-json\/wp\/v2\/categories?post=57537"},{"taxonomy":"post_tag","embeddable":true,"href":"https:\/\/mussicom.com\/noticias\/wp-json\/wp\/v2\/tags?post=57537"}],"curies":[{"name":"wp","href":"https:\/\/api.w.org\/{rel}","templated":true}]}}