{"id":57451,"date":"2026-01-05T08:48:31","date_gmt":"2026-01-05T11:48:31","guid":{"rendered":"https:\/\/mussicom.com\/cinco-jogadores-tem-contrato-encerrado-e-se-despedem-do-santos-apos-emprestimos\/"},"modified":"2026-01-05T08:48:31","modified_gmt":"2026-01-05T11:48:31","slug":"cinco-jogadores-tem-contrato-encerrado-e-se-despedem-do-santos-apos-emprestimos","status":"publish","type":"post","link":"https:\/\/mussicom.com\/noticias\/cinco-jogadores-tem-contrato-encerrado-e-se-despedem-do-santos-apos-emprestimos\/","title":{"rendered":"Cinco jogadores t\u00eam contrato encerrado e se despedem do Santos ap\u00f3s empr\u00e9stimos"},"content":{"rendered":"<p> <br \/>\n<\/p>\n<div>\n<div id=\"attachment_157665\" style=\"width: 1058px\" class=\"wp-caption aligncenter\"><\/p>\n<p id=\"caption-attachment-157665\" class=\"wp-caption-text\">Vinicius Balieiro encerrou passagem pelo Santos (Cr\u00e9dito: Raul Baretta\/Santos FC)<\/p>\n<\/div>\n<p>Cinco jogadores encerraram os empr\u00e9stimos e os contratos com o Santos. \u00c9 o caso dos zagueiros Messias e Luiz Felipe e dos volantes Matheus Nunes, Rodrigo Fernandez e Vinicius Balieiro. O quinteto j\u00e1 n\u00e3o fazia mais parte dos planos do clube e passou a \u00faltima temporada emprestado. A dupla de defensores estava no Goi\u00e1s enquanto os meio-campistas estavam na Portuguesa, Chapecoense e Independiente-ARG, respectivamente.<\/p>\n<h2><strong>VEJA A TRAJET\u00d3RIA E OS N\u00daMEROS DE MESSIAS<\/strong><\/h2>\n<p>Messias \u00e9 natural de S\u00e3o Mateus (ES) e tem 31 anos. Revelado no Am\u00e9rica-MG, atuou por Rio Ave (Portugal) e Cear\u00e1 at\u00e9 chegar ao Peixe em 2023. O jogador assumiu a titularidade na campanha de rebaixamento santista. Somou 3 gols em 43 jogos. No ano seguinte, at\u00e9 se adequou a nova pol\u00edtica salarial, mas perdeu espa\u00e7o e foi emprestado. Em 2024 e 2025 esteve emprestado ao Goi\u00e1s e n\u00e3o retornou mais para o Peixe. No clube goiano, somou 1 assist\u00eancia e 2 gols em 72 partidas.<\/p>\n<h2><strong>VEJA A TRAJET\u00d3RIA E OS N\u00daMEROS DE LUIZ FELIPE<\/strong><\/h2>\n<p>Luiz Felipe \u00e9 natural de Tubar\u00e3o (SC) e tem 32 anos. Revelado no Caixas do Sul, atuou por Duque de Caxias e Paran\u00e1 at\u00e9 chegar ao Alvinegro em 2015. Em uma d\u00e9cada de clube, viveu altose baixos e somou 4 assist\u00eancias e 5 gols em 169 confrontos. Sem espa\u00e7o nas \u00faltimas temporadas, foi emprestado ao Atl\u00e9tico-GO entre 2023 e 2024. L\u00e1 somou 1 assist\u00eancia e 2 gols em 35 duelos. J\u00e1 no ano passado, foi emprestado ao Goi\u00e1s e teve 2 gols em 19 jogos.<\/p>\n<h2><strong>VEJA A TRAJET\u00d3RIA E OS N\u00daMEROS DE MATHEUS NUNES<\/strong><\/h2>\n<p>Matheus Nunes \u00e9 natural de Goi\u00e2nia (GO) e tem 22 pontos. O garoto chegou ao Santos ap\u00f3s se destacar na Copa Votorantim Sub-15 ainda pelo Goi\u00e1s. Desde os 7 anos entre escolinha e na equipe Esmeraldina, ele vestia a camisa 10 e atuava mais avan\u00e7ado. Desde ent\u00e3o, se destacou pela base e sendo campe\u00e3o do Paulista Sub-20 em 2022, mas quando estava perto de uma oportunidade no profissional sofreu uma les\u00e3o no joelho. Ap\u00f3s \u2018estourar\u2019 idade, foi emprestado \u00e0 Portuguesa no ano passado e teve 14 duelos pela Lusa.<\/p>\n<h2><strong>VEJA A TRAJET\u00d3RIA E OS N\u00daMEROS DE VINICIUS BALIEIRO<\/strong><\/h2>\n<p>Vinicius \u00e9 natural de Campinas (SP) e tem 26 anos. Ele chegou ao Peixe em 2017 para atuar no Sub-20. Antes, havia se destacado pelo Paulista de Jundia\u00ed no qual jogou pelo Sub-15, Sub-17 e Sub-20 entre 2014 a 2017. Com destaque na base, conquistou vaga no profissional e atuando at\u00e9 em Libertadores. Ao todo somou 3 gols marcados em 71 jogos. Nas \u00faltimas temporadas, perdeu espa\u00e7o e foi emprestado. Primeiro ao Ituano em 2023, somando 7 jogos. Depois, \u00e0 Chapecoense no ano passado, mas somou apenas 8 confrontos diante a uma les\u00e3o de LCA.<\/p>\n<h2><strong>VEJA A TRAJET\u00d3RIA E OS N\u00daMEROS DE RODRIGO FERNANDEZ<\/strong><\/h2>\n<p>Rodrigo Fernand\u00e9z \u00e9 natural de Montevideo (Uruguai) e tem 30 anos. Revelado no Danubio (Uruguai), se transferiu ao Guarani (Paraguai) e foi contratado pelo Peixe em mar\u00e7o de 2022 por empr\u00e9stimo e depois foi comprado em definitivo por\u00a0R$ 8 milh\u00f5es. Pelo clube, foram 2 gols em 83 confrontos. Depois, perdeu espa\u00e7o e foi emprestado ao Newell\u2019s Old Boys (Argentina) em 2024 e teve 31 jogos. J\u00e1 no ano passado, estava emprestado ao Independiente (ARG) e somou 30 partidas.<\/p>\n<\/p><\/div>\n<p><br \/>\n<br \/>Fonte: <a href=\"https:\/\/www.diariodopeixe.com.br\/noticias\/emprestimos-e-contratos-encerram-e-cinco-jogadores-se-despedem-do-santos\/\">Placar<\/a><\/p>\n","protected":false},"excerpt":{"rendered":"<p>Vinicius Balieiro encerrou passagem pelo Santos (Cr\u00e9dito: Raul Baretta\/Santos FC) Cinco jogadores encerraram os empr\u00e9stimos e os contratos com o Santos. \u00c9 o caso dos zagueiros Messias e Luiz Felipe e dos volantes Matheus Nunes, Rodrigo Fernandez e Vinicius Balieiro. O quinteto j\u00e1 n\u00e3o fazia mais parte dos planos do clube e passou a \u00faltima [&hellip;]<\/p>\n","protected":false},"author":5,"featured_media":55832,"comment_status":"open","ping_status":"open","sticky":false,"template":"","format":"standard","meta":{"_seopress_robots_primary_cat":"","_seopress_titles_title":"","_seopress_titles_desc":"","_seopress_robots_index":"","footnotes":""},"categories":[55],"tags":[],"class_list":["post-57451","post","type-post","status-publish","format-standard","has-post-thumbnail","hentry","category-santos-fc"],"_links":{"self":[{"href":"https:\/\/mussicom.com\/noticias\/wp-json\/wp\/v2\/posts\/57451","targetHints":{"allow":["GET"]}}],"collection":[{"href":"https:\/\/mussicom.com\/noticias\/wp-json\/wp\/v2\/posts"}],"about":[{"href":"https:\/\/mussicom.com\/noticias\/wp-json\/wp\/v2\/types\/post"}],"author":[{"embeddable":true,"href":"https:\/\/mussicom.com\/noticias\/wp-json\/wp\/v2\/users\/5"}],"replies":[{"embeddable":true,"href":"https:\/\/mussicom.com\/noticias\/wp-json\/wp\/v2\/comments?post=57451"}],"version-history":[{"count":0,"href":"https:\/\/mussicom.com\/noticias\/wp-json\/wp\/v2\/posts\/57451\/revisions"}],"wp:featuredmedia":[{"embeddable":true,"href":"https:\/\/mussicom.com\/noticias\/wp-json\/wp\/v2\/media\/55832"}],"wp:attachment":[{"href":"https:\/\/mussicom.com\/noticias\/wp-json\/wp\/v2\/media?parent=57451"}],"wp:term":[{"taxonomy":"category","embeddable":true,"href":"https:\/\/mussicom.com\/noticias\/wp-json\/wp\/v2\/categories?post=57451"},{"taxonomy":"post_tag","embeddable":true,"href":"https:\/\/mussicom.com\/noticias\/wp-json\/wp\/v2\/tags?post=57451"}],"curies":[{"name":"wp","href":"https:\/\/api.w.org\/{rel}","templated":true}]}}