{"id":57397,"date":"2026-01-03T04:34:17","date_gmt":"2026-01-03T07:34:17","guid":{"rendered":"https:\/\/mussicom.com\/santos-se-diz-surpreso-com-ausencia-de-morelos-e-coloca-situacao-no-departamento-juridico\/"},"modified":"2026-01-03T04:34:17","modified_gmt":"2026-01-03T07:34:17","slug":"santos-se-diz-surpreso-com-ausencia-de-morelos-e-coloca-situacao-no-departamento-juridico","status":"publish","type":"post","link":"https:\/\/mussicom.com\/noticias\/santos-se-diz-surpreso-com-ausencia-de-morelos-e-coloca-situacao-no-departamento-juridico\/","title":{"rendered":"Santos se diz surpreso com aus\u00eancia de Morelos e coloca situa\u00e7\u00e3o no departamento jur\u00eddico"},"content":{"rendered":"<p> <br \/>\n<\/p>\n<div>\n<div id=\"attachment_168979\" style=\"width: 762px\" class=\"wp-caption aligncenter\"><\/p>\n<p id=\"caption-attachment-168979\" class=\"wp-caption-text\">Alfredo Morelos foi destaque do Atl\u00e9tico Nacional no ano passado (Cr\u00e9dito: Divulga\u00e7\u00e3o)<\/p>\n<\/div>\n<p>O Santos emitiu uma nota mostrando-se surpreso com a aus\u00eancia do atacante Alfredo Morelos na reapresenta\u00e7\u00e3o do elenco nesta sexta-feira (02). O colombiano fez uma temporada de destaque durante o empr\u00e9stimo ao Atl\u00e9tico Nacional (Col\u00f4mbia) e poderia ser reintegrado ao grupo, mas o centroavante n\u00e3o apareceu no CT Rei Pel\u00e9 e o Peixe agora se prepara para uma batalha jur\u00eddica com o atleta.<\/p>\n<p>Com o fim do empr\u00e9stimo, Morelos deveria estar na Baixada Santista para cumprir o contrato em vig\u00eancia com o clube, que \u00e9 v\u00e1lido at\u00e9 dezembro deste ano. Apesar de ve\u00edculos da Col\u00f4mbia e pessoas pr\u00f3ximas ao jogador terem divulgado uma proposta do Atl\u00e9tico Nacional de US$ 2,5 milh\u00f5es pela compra do jogador em definitivo, o Alvinegro nega ter recebido qualquer oferta oficial pelo atleta e nem acredita que ela ser\u00e1 feita.<\/p>\n<p>Representantes do jogador alegam dificuldade de contato com dirigentes do clube, enquanto o Peixe alega n\u00e3o ter retorno das mensagens enviadas ao atacante. Morelos alega n\u00e3o ter recebido alguns valores enquanto o Santos diz que tenta contato para acertar a d\u00edvida, mas n\u00e3o tem o feedback do staff e entende que \u00e9 estrat\u00e9gia do atleta para jogar o Alvinegro na justi\u00e7a e ir de gra\u00e7a ao time colombiano.<\/p>\n<p>O Santos discorda dos valores cobrados pelo atacante e tenta acordo, mas acredita que o jogador pretende acionar a Fifa para conseguir a rescis\u00e3o unilateral. Por isso, o jur\u00eddico chegou a fazer uma notifica\u00e7\u00e3o formal para ele se apresentar no CT. Interessado em permanecer no Atl\u00e9tico Nacional, Morelos foi eleito o melhor jogador do Campeonato Colombiano em 2025.<\/p>\n<p>Morelos est\u00e1 por empr\u00e9stimo no Atl\u00e9tico Nacional desde 2024 e criou identifica\u00e7\u00e3o no clube, sendo at\u00e9 campe\u00e3o da Copa Col\u00f4mbia. Ao todo, s\u00e3o 92 jogos, 32 gols e 16 assist\u00eancias.<\/p>\n<div class=\"post-content\">\n<p><strong>Leia tamb\u00e9m: <\/strong><em>Marcelo Teixeira prega cautela nas negocia\u00e7\u00f5es de Loyola e Rony, alvos do Santos<\/em><\/p>\n<\/div>\n<p><strong>Confira a nota que o Santos emitiu sobre o caso Morelos nessa sexta-feira:<\/strong><\/p>\n<p>\u201cO Santos Futebol Clube informa que foi surpreendido pela aus\u00eancia do atleta Alfredo Morelos na reapresenta\u00e7\u00e3o do elenco profissional, ocorrida nesta sexta-feira (2), no CT Rei Pel\u00e9. O jogador foi devidamente comunicado, assim como os demais integrantes do elenco, quanto \u00e0 data e hor\u00e1rio estabelecidos para a reapresenta\u00e7\u00e3o e in\u00edcio das atividades. O Santos FC esclarece que n\u00e3o recebeu qualquer proposta formal de transfer\u00eancia envolvendo o atleta e que vinha mantendo di\u00e1logos com ele e seu estafe com o objetivo de discutir e buscar a solu\u00e7\u00e3o de eventuais pend\u00eancias. O Clube entende que parte das demandas apresentadas n\u00e3o \u00e9 pertinente, o que dificultou o avan\u00e7o das tratativas. O caso foi encaminhado ao Departamento Jur\u00eddico, que adotar\u00e1 as provid\u00eancias cab\u00edveis.\u201d<\/p>\n<\/p><\/div>\n<p><br \/>\n<br \/>Fonte: <a href=\"https:\/\/www.diariodopeixe.com.br\/noticias\/santos-se-diz-surpreso-com-ausencia-de-morelos-e-coloca-situacao-no-departamento-juridico\/\">Placar<\/a><\/p>\n","protected":false},"excerpt":{"rendered":"<p>Alfredo Morelos foi destaque do Atl\u00e9tico Nacional no ano passado (Cr\u00e9dito: Divulga\u00e7\u00e3o) O Santos emitiu uma nota mostrando-se surpreso com a aus\u00eancia do atacante Alfredo Morelos na reapresenta\u00e7\u00e3o do elenco nesta sexta-feira (02). O colombiano fez uma temporada de destaque durante o empr\u00e9stimo ao Atl\u00e9tico Nacional (Col\u00f4mbia) e poderia ser reintegrado ao grupo, mas o [&hellip;]<\/p>\n","protected":false},"author":5,"featured_media":42619,"comment_status":"open","ping_status":"open","sticky":false,"template":"","format":"standard","meta":{"_seopress_robots_primary_cat":"","_seopress_titles_title":"","_seopress_titles_desc":"","_seopress_robots_index":"","footnotes":""},"categories":[55],"tags":[],"class_list":["post-57397","post","type-post","status-publish","format-standard","has-post-thumbnail","hentry","category-santos-fc"],"_links":{"self":[{"href":"https:\/\/mussicom.com\/noticias\/wp-json\/wp\/v2\/posts\/57397","targetHints":{"allow":["GET"]}}],"collection":[{"href":"https:\/\/mussicom.com\/noticias\/wp-json\/wp\/v2\/posts"}],"about":[{"href":"https:\/\/mussicom.com\/noticias\/wp-json\/wp\/v2\/types\/post"}],"author":[{"embeddable":true,"href":"https:\/\/mussicom.com\/noticias\/wp-json\/wp\/v2\/users\/5"}],"replies":[{"embeddable":true,"href":"https:\/\/mussicom.com\/noticias\/wp-json\/wp\/v2\/comments?post=57397"}],"version-history":[{"count":0,"href":"https:\/\/mussicom.com\/noticias\/wp-json\/wp\/v2\/posts\/57397\/revisions"}],"wp:featuredmedia":[{"embeddable":true,"href":"https:\/\/mussicom.com\/noticias\/wp-json\/wp\/v2\/media\/42619"}],"wp:attachment":[{"href":"https:\/\/mussicom.com\/noticias\/wp-json\/wp\/v2\/media?parent=57397"}],"wp:term":[{"taxonomy":"category","embeddable":true,"href":"https:\/\/mussicom.com\/noticias\/wp-json\/wp\/v2\/categories?post=57397"},{"taxonomy":"post_tag","embeddable":true,"href":"https:\/\/mussicom.com\/noticias\/wp-json\/wp\/v2\/tags?post=57397"}],"curies":[{"name":"wp","href":"https:\/\/api.w.org\/{rel}","templated":true}]}}