{"id":57372,"date":"2026-01-01T20:23:20","date_gmt":"2026-01-01T23:23:20","guid":{"rendered":"https:\/\/mussicom.com\/santos-aguarda-morelos-na-reapresentacao-para-2026\/"},"modified":"2026-01-01T20:23:20","modified_gmt":"2026-01-01T23:23:20","slug":"santos-aguarda-morelos-na-reapresentacao-para-2026","status":"publish","type":"post","link":"https:\/\/mussicom.com\/noticias\/santos-aguarda-morelos-na-reapresentacao-para-2026\/","title":{"rendered":"Santos aguarda Morelos na reapresenta\u00e7\u00e3o para 2026"},"content":{"rendered":"<p> <br \/>\n<\/p>\n<div>\n<div id=\"attachment_157224\" style=\"width: 989px\" class=\"wp-caption aligncenter\"><\/p>\n<p id=\"caption-attachment-157224\" class=\"wp-caption-text\">Morelos tem contrato com o Santos at\u00e9 o fim de 2026 (Foto: Raul Baretta \/ Santos FC)<\/p>\n<\/div>\n<p class=\"p1\"><span class=\"s2\">O <strong>Santos<\/strong> espera contar com Alfredo Morelos na reapresenta\u00e7\u00e3o do elenco marcada para o dia 2 de janeiro, no CT Rei Pel\u00e9, enquanto define o futuro do atacante para a temporada de 2026. O jogador tem contrato com o clube at\u00e9 o fim de 2026 e, neste momento, \u00e9 aguardado junto aos demais atletas para o in\u00edcio dos trabalhos sob o comando de Juan Pablo Vojvoda.<\/span><\/p>\n<p class=\"p1\"><span class=\"s2\">Nos bastidores, o Santos chegou a conversar com o Atl\u00e9tico Nacional sobre diferentes cen\u00e1rios envolvendo o colombiano. Uma das possibilidades discutidas foi uma troca por Marino Hinestroza, ideia que acabou descartada pelo clube colombiano, que tem interesse em manter Morelos, mas n\u00e3o disp\u00f5e dos US$ 5 milh\u00f5es estipulados pelo Peixe para uma negocia\u00e7\u00e3o definitiva.<\/span><\/p>\n<p>Pelos altos sal\u00e1rios, internamente o Santos avalia que o atleta \u00e9 negoci\u00e1vel e vai escutar as propostas que chegarem. No entanto, o clube afirma que nenhum contato formal chegou \u00e0 mesa da diretoria at\u00e9 o momento, o que refor\u00e7a a expectativa pelo retorno do jogador na reapresenta\u00e7\u00e3o.<\/p>\n<p class=\"p1\"><span class=\"s2\">Enquanto isso, o clube avalia com cautela os pr\u00f3ximos passos. Morelos teve destaque no futebol colombiano em 2025 e segue valorizado no mercado local, mas o Santos entende que qualquer negocia\u00e7\u00e3o s\u00f3 ser\u00e1 conduzida dentro dos par\u00e2metros financeiros estabelecidos. At\u00e9 l\u00e1, a prioridade \u00e9 a presen\u00e7a do atacante no in\u00edcio da pr\u00e9-temporada, quando o clube pretende ter um cen\u00e1rio mais claro sobre seu aproveitamento ou uma eventual sa\u00edda.<\/span><\/p>\n<p class=\"p1\"><span class=\"s2\">Em 2025, Alfredo Morelos disputou 33 partidas pelo Atl\u00e9tico Nacional, com 12 gols marcados e oito assist\u00eancias.<\/span><\/p>\n<\/p><\/div>\n<p><br \/>\n<br \/>Fonte: <a href=\"https:\/\/www.diariodopeixe.com.br\/noticias\/santos-aguarda-morelos-na-reapresentacao-para-2026\/\">Placar<\/a><\/p>\n","protected":false},"excerpt":{"rendered":"<p>Morelos tem contrato com o Santos at\u00e9 o fim de 2026 (Foto: Raul Baretta \/ Santos FC) O Santos espera contar com Alfredo Morelos na reapresenta\u00e7\u00e3o do elenco marcada para o dia 2 de janeiro, no CT Rei Pel\u00e9, enquanto define o futuro do atacante para a temporada de 2026. O jogador tem contrato com [&hellip;]<\/p>\n","protected":false},"author":5,"featured_media":57373,"comment_status":"open","ping_status":"open","sticky":false,"template":"","format":"standard","meta":{"_seopress_robots_primary_cat":"","_seopress_titles_title":"","_seopress_titles_desc":"","_seopress_robots_index":"","footnotes":""},"categories":[55],"tags":[],"class_list":["post-57372","post","type-post","status-publish","format-standard","has-post-thumbnail","hentry","category-santos-fc"],"_links":{"self":[{"href":"https:\/\/mussicom.com\/noticias\/wp-json\/wp\/v2\/posts\/57372","targetHints":{"allow":["GET"]}}],"collection":[{"href":"https:\/\/mussicom.com\/noticias\/wp-json\/wp\/v2\/posts"}],"about":[{"href":"https:\/\/mussicom.com\/noticias\/wp-json\/wp\/v2\/types\/post"}],"author":[{"embeddable":true,"href":"https:\/\/mussicom.com\/noticias\/wp-json\/wp\/v2\/users\/5"}],"replies":[{"embeddable":true,"href":"https:\/\/mussicom.com\/noticias\/wp-json\/wp\/v2\/comments?post=57372"}],"version-history":[{"count":0,"href":"https:\/\/mussicom.com\/noticias\/wp-json\/wp\/v2\/posts\/57372\/revisions"}],"wp:featuredmedia":[{"embeddable":true,"href":"https:\/\/mussicom.com\/noticias\/wp-json\/wp\/v2\/media\/57373"}],"wp:attachment":[{"href":"https:\/\/mussicom.com\/noticias\/wp-json\/wp\/v2\/media?parent=57372"}],"wp:term":[{"taxonomy":"category","embeddable":true,"href":"https:\/\/mussicom.com\/noticias\/wp-json\/wp\/v2\/categories?post=57372"},{"taxonomy":"post_tag","embeddable":true,"href":"https:\/\/mussicom.com\/noticias\/wp-json\/wp\/v2\/tags?post=57372"}],"curies":[{"name":"wp","href":"https:\/\/api.w.org\/{rel}","templated":true}]}}