{"id":57355,"date":"2026-01-01T00:18:14","date_gmt":"2026-01-01T03:18:14","guid":{"rendered":"https:\/\/mussicom.com\/santos-acerta-a-renovacao-de-contrato-com-o-craque-neymar-ate-o-final-de-2026\/"},"modified":"2026-01-01T00:18:14","modified_gmt":"2026-01-01T03:18:14","slug":"santos-acerta-a-renovacao-de-contrato-com-o-craque-neymar-ate-o-final-de-2026","status":"publish","type":"post","link":"https:\/\/mussicom.com\/noticias\/santos-acerta-a-renovacao-de-contrato-com-o-craque-neymar-ate-o-final-de-2026\/","title":{"rendered":"Santos acerta a renova\u00e7\u00e3o de contrato com o craque Neymar at\u00e9 o final de 2026"},"content":{"rendered":"<p> <br \/>\n<\/p>\n<div id=\"post-176982\">\n<div class=\"post-content\">\n<div id=\"attachment_176393\" style=\"width: 981px\" class=\"wp-caption aligncenter\"><\/p>\n<p id=\"caption-attachment-176393\" class=\"wp-caption-text\">Neymar vai seguir no Santos at\u00e9 o final de 2026 (Foto: Raul Baretta \/ Santos FC)<\/p>\n<\/div>\n<p>O <strong>Santos<\/strong> acertou a renova\u00e7\u00e3o de contrato com o craque Neymar at\u00e9 o final de 2026. O acordo, que j\u00e1 estava encaminhado desde o final do Brasileir\u00e3o, foi anunciado nesta quarta-feira. A informa\u00e7\u00e3o foi divulgada inicialmente pelo X Sports.<\/p>\n<p>Neymar tinha v\u00ednculo apenas at\u00e9 31 de dezembro. O jogador, contratado em janeiro deste ano, chegou inicialmente por seis meses, mas renovou por mais seis no meio do ano. A expectativa \u00e9 de que ele ficasse ao menos at\u00e9 a Copa do Mundo, mas o prazo foi alongado.<\/p>\n<p>O jogador se recupera de uma astroscopia no joelho e vai perder o in\u00edcio do Paulist\u00e3o. A expectativa \u00e9 de que ele possa estar em campo na estreia do Santos no Brasileir\u00e3o, contra a Chapecoense, no dia 28 de janeiro.<\/p>\n<p>Neste ano, Neymar sofreu com les\u00f5es e disputou apenas 30 jogos, mas foi importante na reta final do Brasileir\u00e3o para evitar a queda do Peixe para a S\u00e9rie B. Ele fez 12 gols e seis assist\u00eancias na temporada. No geral, j\u00e1 soma 260 jogos e 150 gols pelo Santos.<\/p>\n<\/p><\/div>\n<div class=\"fusion-sharing-box fusion-theme-sharing-box fusion-single-sharing-box\">\n<h4>Compartilhe essa not\u00edcia, escolha a sua rede!<\/h4>\n<\/p><\/div>\n<p>\t\t<!-- #respond -->\n\t\t\t\t\t\t\t\t\t\t\t\t\t\t<\/div>\n<p><br \/>\n<br \/>Fonte: <a href=\"https:\/\/www.diariodopeixe.com.br\/noticias\/santos-acerta-a-renovacao-de-contrato-com-o-craque-neymar-ate-o-final-de-2026\/\">Placar<\/a><\/p>\n","protected":false},"excerpt":{"rendered":"<p>Neymar vai seguir no Santos at\u00e9 o final de 2026 (Foto: Raul Baretta \/ Santos FC) O Santos acertou a renova\u00e7\u00e3o de contrato com o craque Neymar at\u00e9 o final de 2026. O acordo, que j\u00e1 estava encaminhado desde o final do Brasileir\u00e3o, foi anunciado nesta quarta-feira. A informa\u00e7\u00e3o foi divulgada inicialmente pelo X Sports. [&hellip;]<\/p>\n","protected":false},"author":5,"featured_media":56283,"comment_status":"open","ping_status":"open","sticky":false,"template":"","format":"standard","meta":{"_seopress_robots_primary_cat":"","_seopress_titles_title":"","_seopress_titles_desc":"","_seopress_robots_index":"","footnotes":""},"categories":[55],"tags":[],"class_list":["post-57355","post","type-post","status-publish","format-standard","has-post-thumbnail","hentry","category-santos-fc"],"_links":{"self":[{"href":"https:\/\/mussicom.com\/noticias\/wp-json\/wp\/v2\/posts\/57355","targetHints":{"allow":["GET"]}}],"collection":[{"href":"https:\/\/mussicom.com\/noticias\/wp-json\/wp\/v2\/posts"}],"about":[{"href":"https:\/\/mussicom.com\/noticias\/wp-json\/wp\/v2\/types\/post"}],"author":[{"embeddable":true,"href":"https:\/\/mussicom.com\/noticias\/wp-json\/wp\/v2\/users\/5"}],"replies":[{"embeddable":true,"href":"https:\/\/mussicom.com\/noticias\/wp-json\/wp\/v2\/comments?post=57355"}],"version-history":[{"count":0,"href":"https:\/\/mussicom.com\/noticias\/wp-json\/wp\/v2\/posts\/57355\/revisions"}],"wp:featuredmedia":[{"embeddable":true,"href":"https:\/\/mussicom.com\/noticias\/wp-json\/wp\/v2\/media\/56283"}],"wp:attachment":[{"href":"https:\/\/mussicom.com\/noticias\/wp-json\/wp\/v2\/media?parent=57355"}],"wp:term":[{"taxonomy":"category","embeddable":true,"href":"https:\/\/mussicom.com\/noticias\/wp-json\/wp\/v2\/categories?post=57355"},{"taxonomy":"post_tag","embeddable":true,"href":"https:\/\/mussicom.com\/noticias\/wp-json\/wp\/v2\/tags?post=57355"}],"curies":[{"name":"wp","href":"https:\/\/api.w.org\/{rel}","templated":true}]}}