{"id":57308,"date":"2025-12-30T21:08:14","date_gmt":"2025-12-31T00:08:14","guid":{"rendered":"https:\/\/mussicom.com\/gabi-guimaraes-e-segunda-melhor-jogadora-de-volei-do-mundo-em-2025\/"},"modified":"2025-12-30T21:08:14","modified_gmt":"2025-12-31T00:08:14","slug":"gabi-guimaraes-e-segunda-melhor-jogadora-de-volei-do-mundo-em-2025","status":"publish","type":"post","link":"https:\/\/mussicom.com\/noticias\/gabi-guimaraes-e-segunda-melhor-jogadora-de-volei-do-mundo-em-2025\/","title":{"rendered":"Gabi Guimar\u00e3es \u00e9 segunda melhor jogadora de v\u00f4lei do mundo em 2025"},"content":{"rendered":"<p> <br \/>\n<\/p>\n<div>\n<p>Capit\u00e3 da sele\u00e7\u00e3o brasileira de v\u00f4lei, Gabi Guimar\u00e3es foi escolhida a segunda melhor jogadora de 2025 pela Federa\u00e7\u00e3o Internacional (Volleyball Word). Atualmente no clube italiano Conegliano, a ponteira foi anunciada nesta ter\u00e7a-feira (30), tr\u00eas dias ap\u00f3s a entidade eleger a compatriota Julia Kudiess, central da sele\u00e7\u00e3o, a quinta melhor atleta do mundo. A lista ser\u00e1 conclu\u00edda na quarta (31) com o an\u00fancio da n\u00famero 1 da temporada.<img decoding=\"async\" src=\"https:\/\/agenciabrasil.ebc.com.br\/ebc.gif?id=1673767&amp;o=node\" style=\"width:1px; height:1px; display:inline;\"\/><\/p>\n<p>Em postagem nas redes sociais, a Volleyball Word ressalta a excel\u00eancia de Gabi nas competi\u00e7\u00f5es, tanto pelo clube quanto na Amarelinha.<\/p>\n<p>\u201cAdorada pelos f\u00e3s, respeitada pelas advers\u00e1rias e refer\u00eancia para todas as companheiras de equipe, Gabi personifica a ponteira moderna. Passando, defendendo, atacando, liderando, a Miss Tudo faz tudo. A filha do deus do v\u00f4lei\u201d, diz a nota.<\/p>\n<blockquote class=\"instagram-media\" data-instgrm-captioned=\"\" data-instgrm-permalink=\"https:\/\/www.instagram.com\/p\/DS5a01lj031\/?utm_source=ig_embed&amp;utm_campaign=loading\" data-instgrm-version=\"14\" style=\" background:#FFF; border:0; border-radius:3px; box-shadow:0 0 1px 0 rgba(0,0,0,0.5),0 1px 10px 0 rgba(0,0,0,0.15); margin: 1px; max-width:540px; min-width:326px; padding:0; width:99.375%; width:-webkit-calc(100% - 2px); width:calc(100% - 2px);\">\n<\/blockquote>\n<p>A ponteira \u00e9 enaltecida por sua lideran\u00e7a, equil\u00edbrio, intelig\u00eancia e consist\u00eancia em quadra. A entidade tamb\u00e9m destaca o desempenho de Gabi em competi\u00e7\u00f5es internacionais: \u201cseu impacto foi igualmente constante, ancorando sua sele\u00e7\u00e3o com compostura, versatilidade e garra\u201d.<\/p>\n<p>A temporada 2024\/2025 foi da segunda de Gabi no Conegliano. A brasileira conquistou tr\u00eas t\u00edtulos com o clube: a Liga italiana de v\u00f4lei \u2013 em que foi eleita MVP (sigla em ingl\u00eas para jogadora mais valiosa) \u2013, a Liga dos Campe\u00f5es, que lhe rendeu os pr\u00eamios de melhor ponteira e melhor recep\u00e7\u00e3o, e tamb\u00e9m a Copa da It\u00e1lia. No Mundial de Clubes, Gabi foi vice-campe\u00e3 com o Conegliano, e tamb\u00e9m foi escolhida a melhor ponteira da competi\u00e7\u00e3o. \u00c0 frente da Amarelinha, a jogadora faturou a prata na Ligas das Na\u00e7\u00f5es e bronze no Mundial \u2013 em ambas as competi\u00e7\u00f5es tamb\u00e9m sobressaiu como melhor ponteira.<\/p>\n<p>      <!-- Relacionada --><\/p>\n<p>            <!-- Relacionada -->\n    <\/div>\n<p><script async src=\"\/\/www.instagram.com\/embed.js\"><\/script><br \/>\n<br \/><br \/>\n<br \/>Fonte: <a href=\"https:\/\/agenciabrasil.ebc.com.br\/esportes\/noticia\/2025-12\/gabi-guimaraes-e-segunda-melhor-jogadora-de-volei-do-mundo-em-2025\">Ag\u00eancia Brasil<\/a><\/p>\n","protected":false},"excerpt":{"rendered":"<p>Capit\u00e3 da sele\u00e7\u00e3o brasileira de v\u00f4lei, Gabi Guimar\u00e3es foi escolhida a segunda melhor jogadora de 2025 pela Federa\u00e7\u00e3o Internacional (Volleyball Word). Atualmente no clube italiano Conegliano, a ponteira foi anunciada nesta ter\u00e7a-feira (30), tr\u00eas dias ap\u00f3s a entidade eleger a compatriota Julia Kudiess, central da sele\u00e7\u00e3o, a quinta melhor atleta do mundo. A lista ser\u00e1 [&hellip;]<\/p>\n","protected":false},"author":5,"featured_media":57309,"comment_status":"open","ping_status":"open","sticky":false,"template":"","format":"standard","meta":{"_seopress_robots_primary_cat":"","_seopress_titles_title":"","_seopress_titles_desc":"","_seopress_robots_index":"","footnotes":""},"categories":[40],"tags":[],"class_list":["post-57308","post","type-post","status-publish","format-standard","has-post-thumbnail","hentry","category-esportes"],"_links":{"self":[{"href":"https:\/\/mussicom.com\/noticias\/wp-json\/wp\/v2\/posts\/57308","targetHints":{"allow":["GET"]}}],"collection":[{"href":"https:\/\/mussicom.com\/noticias\/wp-json\/wp\/v2\/posts"}],"about":[{"href":"https:\/\/mussicom.com\/noticias\/wp-json\/wp\/v2\/types\/post"}],"author":[{"embeddable":true,"href":"https:\/\/mussicom.com\/noticias\/wp-json\/wp\/v2\/users\/5"}],"replies":[{"embeddable":true,"href":"https:\/\/mussicom.com\/noticias\/wp-json\/wp\/v2\/comments?post=57308"}],"version-history":[{"count":0,"href":"https:\/\/mussicom.com\/noticias\/wp-json\/wp\/v2\/posts\/57308\/revisions"}],"wp:featuredmedia":[{"embeddable":true,"href":"https:\/\/mussicom.com\/noticias\/wp-json\/wp\/v2\/media\/57309"}],"wp:attachment":[{"href":"https:\/\/mussicom.com\/noticias\/wp-json\/wp\/v2\/media?parent=57308"}],"wp:term":[{"taxonomy":"category","embeddable":true,"href":"https:\/\/mussicom.com\/noticias\/wp-json\/wp\/v2\/categories?post=57308"},{"taxonomy":"post_tag","embeddable":true,"href":"https:\/\/mussicom.com\/noticias\/wp-json\/wp\/v2\/tags?post=57308"}],"curies":[{"name":"wp","href":"https:\/\/api.w.org\/{rel}","templated":true}]}}