{"id":57304,"date":"2025-12-30T20:10:14","date_gmt":"2025-12-30T23:10:14","guid":{"rendered":"https:\/\/mussicom.com\/santos-consulta-situacao-do-meia-lima-do-fluminense\/"},"modified":"2025-12-30T20:10:14","modified_gmt":"2025-12-30T23:10:14","slug":"santos-consulta-situacao-do-meia-lima-do-fluminense","status":"publish","type":"post","link":"https:\/\/mussicom.com\/noticias\/santos-consulta-situacao-do-meia-lima-do-fluminense\/","title":{"rendered":"Santos consulta situa\u00e7\u00e3o do meia Lima, do Fluminense"},"content":{"rendered":"<p> <br \/>\n<\/p>\n<div>\n<div id=\"attachment_176972\" style=\"width: 1000px\" class=\"wp-caption aligncenter\"><\/p>\n<p id=\"caption-attachment-176972\" class=\"wp-caption-text\">Lima tem contrato com o Fluminense at\u00e9 o fim de 2027 (Foto: Divulga\u00e7\u00e3o)<\/p>\n<\/div>\n<p><strong><em>Por Laura Marcello e Lucas Barros<\/em><\/strong><\/p>\n<p>O Santos realizou uma consulta pela situa\u00e7\u00e3o do meia Lima, atualmente no Fluminense. O jogador, de 29 anos, \u00e9 visto internamente como uma op\u00e7\u00e3o interessante pela versatilidade no meio-campo e pela experi\u00eancia em competi\u00e7\u00f5es de alto n\u00edvel, embora, at\u00e9 o momento, n\u00e3o exista proposta formal apresentada ao clube carioca.<\/p>\n<p>Um ponto que envolve diretamente Santos e Fluminense \u00e9 a negocia\u00e7\u00e3o de Yeferson Soteldo, concretizada no meio de 2025. O clube carioca se comprometeu a pagar cerca de R$ 30,5 milh\u00f5es ao Peixe, de forma parcelada, e o Alvinegro ainda tem valores a receber dessa transa\u00e7\u00e3o, o que pode influenciar eventuais conversas futuras entre as diretorias.<\/p>\n<p>O nome de Lima j\u00e1 esteve em pauta no mercado recentemente. O S\u00e3o Paulo demonstrou interesse em sua contrata\u00e7\u00e3o, e o jogador v\u00ea com bons olhos uma poss\u00edvel mudan\u00e7a de ares, dependendo do projeto esportivo apresentado.<\/p>\n<p>Contratado pelo Fluminense no fim de 2022, ap\u00f3s se destacar pelo Cear\u00e1, Lima se consolidou como pe\u00e7a importante do elenco tricolor nos \u00faltimos anos. Ele participou de forma relevante das conquistas da Copa Libertadores de 2023 e da Recopa Sul-Americana de 2024, atuando em diferentes fun\u00e7\u00f5es no setor de meio-campo.<\/p>\n<p>Na temporada de 2025, o meia disputou 47 partidas, marcou dois gols e deu tr\u00eas assist\u00eancias. Em meados do ano, sofreu uma les\u00e3o muscular na coxa esquerda, mas evoluiu bem no tratamento e ficou pr\u00f3ximo de retornar aos gramados antes do fim da temporada. Desde sua chegada ao Fluminense, soma 164 jogos, com 16 gols e dez assist\u00eancias em todas as competi\u00e7\u00f5es.<\/p>\n<p>Vin\u00edcius Moreira de Lima, conhecido como Lima, iniciou a carreira nas categorias de base do Tanabi-SP, foi revelado profissionalmente pelo Gr\u00eamio e tamb\u00e9m teve passagens pelo RCD Mallorca B, da Espanha, e pelo Al-Wasl, dos Emirados \u00c1rabes Unidos. No Brasil, al\u00e9m do Gr\u00eamio, teve tr\u00eas passagens pelo Cear\u00e1, onde viveu seu melhor momento antes de chegar ao Fluminense.<\/p>\n<\/p><\/div>\n<p><br \/>\n<br \/>Fonte: <a href=\"https:\/\/www.diariodopeixe.com.br\/noticias\/santos-consulta-situacao-do-meia-lima-do-fluminense\/\">Placar<\/a><\/p>\n","protected":false},"excerpt":{"rendered":"<p>Lima tem contrato com o Fluminense at\u00e9 o fim de 2027 (Foto: Divulga\u00e7\u00e3o) Por Laura Marcello e Lucas Barros O Santos realizou uma consulta pela situa\u00e7\u00e3o do meia Lima, atualmente no Fluminense. O jogador, de 29 anos, \u00e9 visto internamente como uma op\u00e7\u00e3o interessante pela versatilidade no meio-campo e pela experi\u00eancia em competi\u00e7\u00f5es de alto [&hellip;]<\/p>\n","protected":false},"author":5,"featured_media":57305,"comment_status":"open","ping_status":"open","sticky":false,"template":"","format":"standard","meta":{"_seopress_robots_primary_cat":"","_seopress_titles_title":"","_seopress_titles_desc":"","_seopress_robots_index":"","footnotes":""},"categories":[55],"tags":[],"class_list":["post-57304","post","type-post","status-publish","format-standard","has-post-thumbnail","hentry","category-santos-fc"],"_links":{"self":[{"href":"https:\/\/mussicom.com\/noticias\/wp-json\/wp\/v2\/posts\/57304","targetHints":{"allow":["GET"]}}],"collection":[{"href":"https:\/\/mussicom.com\/noticias\/wp-json\/wp\/v2\/posts"}],"about":[{"href":"https:\/\/mussicom.com\/noticias\/wp-json\/wp\/v2\/types\/post"}],"author":[{"embeddable":true,"href":"https:\/\/mussicom.com\/noticias\/wp-json\/wp\/v2\/users\/5"}],"replies":[{"embeddable":true,"href":"https:\/\/mussicom.com\/noticias\/wp-json\/wp\/v2\/comments?post=57304"}],"version-history":[{"count":0,"href":"https:\/\/mussicom.com\/noticias\/wp-json\/wp\/v2\/posts\/57304\/revisions"}],"wp:featuredmedia":[{"embeddable":true,"href":"https:\/\/mussicom.com\/noticias\/wp-json\/wp\/v2\/media\/57305"}],"wp:attachment":[{"href":"https:\/\/mussicom.com\/noticias\/wp-json\/wp\/v2\/media?parent=57304"}],"wp:term":[{"taxonomy":"category","embeddable":true,"href":"https:\/\/mussicom.com\/noticias\/wp-json\/wp\/v2\/categories?post=57304"},{"taxonomy":"post_tag","embeddable":true,"href":"https:\/\/mussicom.com\/noticias\/wp-json\/wp\/v2\/tags?post=57304"}],"curies":[{"name":"wp","href":"https:\/\/api.w.org\/{rel}","templated":true}]}}