{"id":57282,"date":"2025-12-30T03:04:15","date_gmt":"2025-12-30T06:04:15","guid":{"rendered":"https:\/\/mussicom.com\/sabesp-amplia-saneamento-com-novos-reservatorios-de-agua-no-litoral\/"},"modified":"2025-12-30T03:04:15","modified_gmt":"2025-12-30T06:04:15","slug":"sabesp-amplia-saneamento-com-novos-reservatorios-de-agua-no-litoral","status":"publish","type":"post","link":"https:\/\/mussicom.com\/noticias\/sabesp-amplia-saneamento-com-novos-reservatorios-de-agua-no-litoral\/","title":{"rendered":"Sabesp amplia saneamento com novos reservat\u00f3rios de \u00e1gua no litoral"},"content":{"rendered":"<p> <br \/>\n<\/p>\n<div><\/p>\n<div>Sabesp ampliou sistema de saneamento para per\u00edodo de alto consumo, quando popula\u00e7\u00e3o de munic\u00edpios da regi\u00e3o pode mais do que triplicar Com investimento de R$ 2 bilh\u00f5es, novos reservat\u00f3rios e amplia\u00e7\u00e3o da rede, o litoral paulista ter\u00e1 oferta de \u00e1gua e tratamento de esgoto refor\u00e7ados durante a temporada de ver\u00e3o de 2025\/2026, quando a regi\u00e3o [\u2026]<\/div>\n<\/div>\n<p><br \/>\n<br \/>Fonte: <a href=\"https:\/\/jornaldaorla.com.br\/noticias\/sabesp-amplia-saneamento-com-novos-reservatorios-de-agua-no-litoral\/\">Jornal Da Orla<\/a><\/p>\n","protected":false},"excerpt":{"rendered":"<p>Sabesp ampliou sistema de saneamento para per\u00edodo de alto consumo, quando popula\u00e7\u00e3o de munic\u00edpios da regi\u00e3o pode mais do que triplicar Com investimento de R$ 2 bilh\u00f5es, novos reservat\u00f3rios e amplia\u00e7\u00e3o da rede, o litoral paulista ter\u00e1 oferta de \u00e1gua e tratamento de esgoto refor\u00e7ados durante a temporada de ver\u00e3o de 2025\/2026, quando a regi\u00e3o [&hellip;]<\/p>\n","protected":false},"author":5,"featured_media":57283,"comment_status":"open","ping_status":"open","sticky":false,"template":"","format":"standard","meta":{"_seopress_robots_primary_cat":"","_seopress_titles_title":"","_seopress_titles_desc":"","_seopress_robots_index":"","footnotes":""},"categories":[52],"tags":[],"class_list":["post-57282","post","type-post","status-publish","format-standard","has-post-thumbnail","hentry","category-santoseregiao"],"_links":{"self":[{"href":"https:\/\/mussicom.com\/noticias\/wp-json\/wp\/v2\/posts\/57282","targetHints":{"allow":["GET"]}}],"collection":[{"href":"https:\/\/mussicom.com\/noticias\/wp-json\/wp\/v2\/posts"}],"about":[{"href":"https:\/\/mussicom.com\/noticias\/wp-json\/wp\/v2\/types\/post"}],"author":[{"embeddable":true,"href":"https:\/\/mussicom.com\/noticias\/wp-json\/wp\/v2\/users\/5"}],"replies":[{"embeddable":true,"href":"https:\/\/mussicom.com\/noticias\/wp-json\/wp\/v2\/comments?post=57282"}],"version-history":[{"count":0,"href":"https:\/\/mussicom.com\/noticias\/wp-json\/wp\/v2\/posts\/57282\/revisions"}],"wp:featuredmedia":[{"embeddable":true,"href":"https:\/\/mussicom.com\/noticias\/wp-json\/wp\/v2\/media\/57283"}],"wp:attachment":[{"href":"https:\/\/mussicom.com\/noticias\/wp-json\/wp\/v2\/media?parent=57282"}],"wp:term":[{"taxonomy":"category","embeddable":true,"href":"https:\/\/mussicom.com\/noticias\/wp-json\/wp\/v2\/categories?post=57282"},{"taxonomy":"post_tag","embeddable":true,"href":"https:\/\/mussicom.com\/noticias\/wp-json\/wp\/v2\/tags?post=57282"}],"curies":[{"name":"wp","href":"https:\/\/api.w.org\/{rel}","templated":true}]}}