{"id":57278,"date":"2025-12-30T00:05:22","date_gmt":"2025-12-30T03:05:22","guid":{"rendered":"https:\/\/mussicom.com\/santos-empresta-goleiro-joao-fernandes-ao-confianca-se\/"},"modified":"2025-12-30T00:05:22","modified_gmt":"2025-12-30T03:05:22","slug":"santos-empresta-goleiro-joao-fernandes-ao-confianca-se","status":"publish","type":"post","link":"https:\/\/mussicom.com\/noticias\/santos-empresta-goleiro-joao-fernandes-ao-confianca-se\/","title":{"rendered":"Santos empresta goleiro Jo\u00e3o Fernandes ao Confian\u00e7a-SE"},"content":{"rendered":"<p> <br \/>\n<\/p>\n<div>\n<div id=\"attachment_167899\" style=\"width: 995px\" class=\"wp-caption aligncenter\"><\/p>\n<p id=\"caption-attachment-167899\" class=\"wp-caption-text\">Jo\u00e3o Fernandes ser\u00e1 emprestado pelo Santos (Foto: Raul Baretta \/ Santos FC)<\/p>\n<\/div>\n<p>O <strong>Santos<\/strong> acertou o empr\u00e9stimo do goleiro Jo\u00e3o Fernandes ao Confian\u00e7a-SE para a sequ\u00eancia da temporada. O clube sergipano, que \u00e9 administrado por uma SAF gerenciada por Rodolfo Landim, ex-presidente do Flamengo, receber\u00e1 o atleta com v\u00ednculo v\u00e1lido at\u00e9 o fim de 2026, mesmo prazo de contrato que o jogador mant\u00e9m com o Peixe.<\/p>\n<p>Nascido em 2004, Jo\u00e3o Fernandes estourou a idade para as categorias de base ap\u00f3s a disputa da Copinha de 2025 e passou a ficar \u00e0 disposi\u00e7\u00e3o do elenco profissional. Apesar de integrado \u00e0 rotina do time principal no CT Rei Pel\u00e9, o goleiro foi, durante boa parte do per\u00edodo, a quarta op\u00e7\u00e3o da posi\u00e7\u00e3o, treinando ao lado de Gabriel Braz\u00e3o, Jo\u00e3o Paulo e Di\u00f3genes.<\/p>\n<p>Com a sa\u00edda de Jo\u00e3o Paulo, Jo\u00e3o Fernandes chegou a figurar como terceiro goleiro na reta final da temporada, mas n\u00e3o chegou a atuar pelo time profissional. Internamente, o Santos entende que outros nomes da base est\u00e3o \u00e0 frente no planejamento, como Rodrigo Falc\u00e3o, do Sub-20, e Jo\u00e3o Pedro, destaque recente do Sub-17, o que pesou para a decis\u00e3o pelo empr\u00e9stimo.<\/p>\n<p>Natural de Rio Verde, em Goi\u00e1s, Jo\u00e3o Victor Fernandes iniciou a carreira no Santo Andr\u00e9, passou pela Ponte Preta e chegou ao Santos em fevereiro de 2023. Naquele ano, atuou pelo Sub-20 em oito partidas do Campeonato Brasileiro, seis do Paulista e uma da Copa do Brasil. Em 2024, somou seis jogos pelo Brasileiro da categoria, onze pelo Estadual e quatro pelo Brasileiro de Aspirantes. J\u00e1 em 2025, disputou quatro partidas pela Copa S\u00e3o Paulo de Futebol J\u00fanior.<\/p>\n<p>Al\u00e9m de Jo\u00e3o Fernandes, o Santos tamb\u00e9m emprestou o atacante Andrey Quintino ao Confian\u00e7a-SE. O atleta de 24 anos teve seu contrato renovado at\u00e9 o fim 2026 e ter\u00e1 o mesmo destino que o goleiro nesta pr\u00f3xima temporada.<\/p>\n<\/p><\/div>\n<p><br \/>\n<br \/>Fonte: <a href=\"https:\/\/www.diariodopeixe.com.br\/noticias\/santos-empresta-goleiro-joao-fernandes-ao-confianca-se\/\">Placar<\/a><\/p>\n","protected":false},"excerpt":{"rendered":"<p>Jo\u00e3o Fernandes ser\u00e1 emprestado pelo Santos (Foto: Raul Baretta \/ Santos FC) O Santos acertou o empr\u00e9stimo do goleiro Jo\u00e3o Fernandes ao Confian\u00e7a-SE para a sequ\u00eancia da temporada. O clube sergipano, que \u00e9 administrado por uma SAF gerenciada por Rodolfo Landim, ex-presidente do Flamengo, receber\u00e1 o atleta com v\u00ednculo v\u00e1lido at\u00e9 o fim de 2026, [&hellip;]<\/p>\n","protected":false},"author":5,"featured_media":57279,"comment_status":"open","ping_status":"open","sticky":false,"template":"","format":"standard","meta":{"_seopress_robots_primary_cat":"","_seopress_titles_title":"","_seopress_titles_desc":"","_seopress_robots_index":"","footnotes":""},"categories":[55],"tags":[],"class_list":["post-57278","post","type-post","status-publish","format-standard","has-post-thumbnail","hentry","category-santos-fc"],"_links":{"self":[{"href":"https:\/\/mussicom.com\/noticias\/wp-json\/wp\/v2\/posts\/57278","targetHints":{"allow":["GET"]}}],"collection":[{"href":"https:\/\/mussicom.com\/noticias\/wp-json\/wp\/v2\/posts"}],"about":[{"href":"https:\/\/mussicom.com\/noticias\/wp-json\/wp\/v2\/types\/post"}],"author":[{"embeddable":true,"href":"https:\/\/mussicom.com\/noticias\/wp-json\/wp\/v2\/users\/5"}],"replies":[{"embeddable":true,"href":"https:\/\/mussicom.com\/noticias\/wp-json\/wp\/v2\/comments?post=57278"}],"version-history":[{"count":0,"href":"https:\/\/mussicom.com\/noticias\/wp-json\/wp\/v2\/posts\/57278\/revisions"}],"wp:featuredmedia":[{"embeddable":true,"href":"https:\/\/mussicom.com\/noticias\/wp-json\/wp\/v2\/media\/57279"}],"wp:attachment":[{"href":"https:\/\/mussicom.com\/noticias\/wp-json\/wp\/v2\/media?parent=57278"}],"wp:term":[{"taxonomy":"category","embeddable":true,"href":"https:\/\/mussicom.com\/noticias\/wp-json\/wp\/v2\/categories?post=57278"},{"taxonomy":"post_tag","embeddable":true,"href":"https:\/\/mussicom.com\/noticias\/wp-json\/wp\/v2\/tags?post=57278"}],"curies":[{"name":"wp","href":"https:\/\/api.w.org\/{rel}","templated":true}]}}