{"id":57246,"date":"2025-12-29T12:49:18","date_gmt":"2025-12-29T15:49:18","guid":{"rendered":"https:\/\/mussicom.com\/denuncia-de-assedio-coloca-em-xeque-cargo-do-secretario-de-comunicacao-de-guaruja\/"},"modified":"2025-12-29T12:49:18","modified_gmt":"2025-12-29T15:49:18","slug":"denuncia-de-assedio-coloca-em-xeque-cargo-do-secretario-de-comunicacao-de-guaruja","status":"publish","type":"post","link":"https:\/\/mussicom.com\/noticias\/denuncia-de-assedio-coloca-em-xeque-cargo-do-secretario-de-comunicacao-de-guaruja\/","title":{"rendered":"Den\u00fancia de ass\u00e9dio coloca em xeque cargo do secret\u00e1rio de Comunica\u00e7\u00e3o de Guaruj\u00e1"},"content":{"rendered":"<p> <br \/>\n<\/p>\n<div><\/p>\n<div>Paul\u00e3o divulgou uma nota oficial se defendendo das acusa\u00e7\u00f5es. \u201cEm quase 20 anos de trabalho no setor p\u00fablico, jamais fui alvo desse tipo de ataque e mentira. Sempre respeitei as profissionais que trabalharam comigo, e nego qualquer tipo de ass\u00e9dio sexual ao longo de todo esse per\u00edodo.<\/div>\n<\/div>\n<p><br \/>\n<br \/>Fonte: <a href=\"https:\/\/jornaldaorla.com.br\/noticias\/denuncia-de-assedio-coloca-em-xeque-cargo-do-secretario-de-comunicacao-de-guaruja\/\">Jornal Da Orla<\/a><\/p>\n","protected":false},"excerpt":{"rendered":"<p>Paul\u00e3o divulgou uma nota oficial se defendendo das acusa\u00e7\u00f5es. \u201cEm quase 20 anos de trabalho no setor p\u00fablico, jamais fui alvo desse tipo de ataque e mentira. Sempre respeitei as profissionais que trabalharam comigo, e nego qualquer tipo de ass\u00e9dio sexual ao longo de todo esse per\u00edodo. Fonte: Jornal Da Orla<\/p>\n","protected":false},"author":5,"featured_media":57247,"comment_status":"open","ping_status":"open","sticky":false,"template":"","format":"standard","meta":{"_seopress_robots_primary_cat":"","_seopress_titles_title":"","_seopress_titles_desc":"","_seopress_robots_index":"","footnotes":""},"categories":[52],"tags":[],"class_list":["post-57246","post","type-post","status-publish","format-standard","has-post-thumbnail","hentry","category-santoseregiao"],"_links":{"self":[{"href":"https:\/\/mussicom.com\/noticias\/wp-json\/wp\/v2\/posts\/57246","targetHints":{"allow":["GET"]}}],"collection":[{"href":"https:\/\/mussicom.com\/noticias\/wp-json\/wp\/v2\/posts"}],"about":[{"href":"https:\/\/mussicom.com\/noticias\/wp-json\/wp\/v2\/types\/post"}],"author":[{"embeddable":true,"href":"https:\/\/mussicom.com\/noticias\/wp-json\/wp\/v2\/users\/5"}],"replies":[{"embeddable":true,"href":"https:\/\/mussicom.com\/noticias\/wp-json\/wp\/v2\/comments?post=57246"}],"version-history":[{"count":0,"href":"https:\/\/mussicom.com\/noticias\/wp-json\/wp\/v2\/posts\/57246\/revisions"}],"wp:featuredmedia":[{"embeddable":true,"href":"https:\/\/mussicom.com\/noticias\/wp-json\/wp\/v2\/media\/57247"}],"wp:attachment":[{"href":"https:\/\/mussicom.com\/noticias\/wp-json\/wp\/v2\/media?parent=57246"}],"wp:term":[{"taxonomy":"category","embeddable":true,"href":"https:\/\/mussicom.com\/noticias\/wp-json\/wp\/v2\/categories?post=57246"},{"taxonomy":"post_tag","embeddable":true,"href":"https:\/\/mussicom.com\/noticias\/wp-json\/wp\/v2\/tags?post=57246"}],"curies":[{"name":"wp","href":"https:\/\/api.w.org\/{rel}","templated":true}]}}