{"id":57217,"date":"2025-12-27T19:47:20","date_gmt":"2025-12-27T22:47:20","guid":{"rendered":"https:\/\/mussicom.com\/santos-contrata-volante-do-guarani-para-a-categoria-sub-17\/"},"modified":"2025-12-27T19:47:20","modified_gmt":"2025-12-27T22:47:20","slug":"santos-contrata-volante-do-guarani-para-a-categoria-sub-17","status":"publish","type":"post","link":"https:\/\/mussicom.com\/noticias\/santos-contrata-volante-do-guarani-para-a-categoria-sub-17\/","title":{"rendered":"Santos contrata volante do Guarani para a categoria Sub-17"},"content":{"rendered":"<p> <br \/>\n<\/p>\n<div id=\"post-176940\">\n<div class=\"post-content\">\n<div id=\"attachment_176941\" style=\"width: 1012px\" class=\"wp-caption aligncenter\"><\/p>\n<p id=\"caption-attachment-176941\" class=\"wp-caption-text\">O volante Yudi foi um dos destaques do Guarani no Paulista Sub-17 (Cr\u00e9dito: Reprodu\u00e7\u00e3o)<\/p>\n<\/div>\n<p>O <strong>Santos<\/strong> acertou a contrata\u00e7\u00e3o do volante Yudi Angelo da Paix\u00e3o Batalha para as categorias de base. Natural de S\u00e3o Gon\u00e7alo (RJ) e com 16 anos, o defensor chega para integrar o time Sub-17 do clube com contrato de forma\u00e7\u00e3o.<\/p>\n<p>Yudi se destacou recentemente pelo Guarani, onde participou da campanha do Campeonato Paulista Sub-17 que levou a equipe at\u00e9 a semifinal, eliminada pelo Ibrachina. Atuando como volante, o jogador tamb\u00e9m pode exercer a fun\u00e7\u00e3o de zagueiro, caracter\u00edstica que agrada ao departamento de base santista pela versatilidade e leitura de jogo.<\/p>\n<p>No acordo firmado, o Santos ficar\u00e1 com 60% dos direitos do atleta, enquanto o Guarani manter\u00e1 40%, al\u00e9m de existir a op\u00e7\u00e3o de compra de mais 10% no futuro.<\/p>\n<p>Este \u00e9 o segundo atleta que o Santos contrata das categorias de base Guarani neste fim de 2025. Semana passada o clube fechou com atacante do Sub-15 Miqueias, que foi o artilheiro da equipe bugrina no Paulist\u00e3o da categoria.<\/p>\n<\/p><\/div>\n<div class=\"fusion-sharing-box fusion-theme-sharing-box fusion-single-sharing-box\">\n<h4>Compartilhe essa not\u00edcia, escolha a sua rede!<\/h4>\n<\/p><\/div>\n<p>\t\t<!-- #respond -->\n\t\t\t\t\t\t\t\t\t\t\t\t\t\t<\/div>\n<p><br \/>\n<br \/>Fonte: <a href=\"https:\/\/www.diariodopeixe.com.br\/noticias\/santos-contrata-volante-do-guarani-para-a-categoria-sub-17\/\">Placar<\/a><\/p>\n","protected":false},"excerpt":{"rendered":"<p>O volante Yudi foi um dos destaques do Guarani no Paulista Sub-17 (Cr\u00e9dito: Reprodu\u00e7\u00e3o) O Santos acertou a contrata\u00e7\u00e3o do volante Yudi Angelo da Paix\u00e3o Batalha para as categorias de base. Natural de S\u00e3o Gon\u00e7alo (RJ) e com 16 anos, o defensor chega para integrar o time Sub-17 do clube com contrato de forma\u00e7\u00e3o. Yudi [&hellip;]<\/p>\n","protected":false},"author":5,"featured_media":57218,"comment_status":"open","ping_status":"open","sticky":false,"template":"","format":"standard","meta":{"_seopress_robots_primary_cat":"","_seopress_titles_title":"","_seopress_titles_desc":"","_seopress_robots_index":"","footnotes":""},"categories":[55],"tags":[],"class_list":["post-57217","post","type-post","status-publish","format-standard","has-post-thumbnail","hentry","category-santos-fc"],"_links":{"self":[{"href":"https:\/\/mussicom.com\/noticias\/wp-json\/wp\/v2\/posts\/57217","targetHints":{"allow":["GET"]}}],"collection":[{"href":"https:\/\/mussicom.com\/noticias\/wp-json\/wp\/v2\/posts"}],"about":[{"href":"https:\/\/mussicom.com\/noticias\/wp-json\/wp\/v2\/types\/post"}],"author":[{"embeddable":true,"href":"https:\/\/mussicom.com\/noticias\/wp-json\/wp\/v2\/users\/5"}],"replies":[{"embeddable":true,"href":"https:\/\/mussicom.com\/noticias\/wp-json\/wp\/v2\/comments?post=57217"}],"version-history":[{"count":0,"href":"https:\/\/mussicom.com\/noticias\/wp-json\/wp\/v2\/posts\/57217\/revisions"}],"wp:featuredmedia":[{"embeddable":true,"href":"https:\/\/mussicom.com\/noticias\/wp-json\/wp\/v2\/media\/57218"}],"wp:attachment":[{"href":"https:\/\/mussicom.com\/noticias\/wp-json\/wp\/v2\/media?parent=57217"}],"wp:term":[{"taxonomy":"category","embeddable":true,"href":"https:\/\/mussicom.com\/noticias\/wp-json\/wp\/v2\/categories?post=57217"},{"taxonomy":"post_tag","embeddable":true,"href":"https:\/\/mussicom.com\/noticias\/wp-json\/wp\/v2\/tags?post=57217"}],"curies":[{"name":"wp","href":"https:\/\/api.w.org\/{rel}","templated":true}]}}