{"id":57017,"date":"2025-12-21T02:38:14","date_gmt":"2025-12-21T05:38:14","guid":{"rendered":"https:\/\/mussicom.com\/marcelo-teixeira-admite-limitacoes-financeiras-e-projeta-ajustes-no-elenco-do-santos-para-2026\/"},"modified":"2025-12-21T02:38:14","modified_gmt":"2025-12-21T05:38:14","slug":"marcelo-teixeira-admite-limitacoes-financeiras-e-projeta-ajustes-no-elenco-do-santos-para-2026","status":"publish","type":"post","link":"https:\/\/mussicom.com\/noticias\/marcelo-teixeira-admite-limitacoes-financeiras-e-projeta-ajustes-no-elenco-do-santos-para-2026\/","title":{"rendered":"Marcelo Teixeira admite limita\u00e7\u00f5es financeiras e projeta ajustes no elenco do Santos para 2026"},"content":{"rendered":"<p> <br \/>\n<\/p>\n<div>\n<div id=\"attachment_159233\" style=\"width: 998px\" class=\"wp-caption aligncenter\"><\/p>\n<p id=\"caption-attachment-159233\" class=\"wp-caption-text\">Marcelo Teixeira planeja 2026 do Santos (Foto: Divulga\u00e7\u00e3o \/ Santos FC)<\/p>\n<\/div>\n<p>O presidente do <strong>Santos<\/strong>, Marcelo Teixeira, avaliou a temporada do clube e comentou o atual cen\u00e1rio financeiro em entrevista \u00e0 ESPN. Ao abordar o planejamento para o pr\u00f3ximo ano, o dirigente adotou cautela em rela\u00e7\u00e3o ao mercado e indicou que o clube n\u00e3o pretende realizar grandes investimentos. A prioridade, segundo ele, \u00e9 corrigir falhas identificadas ao longo do ano e qualificar o elenco dentro das possibilidades financeiras do Peixe.<\/p>\n<p>\u201c\u00c9 uma temporada at\u00edpica. S\u00e3o crises e a quest\u00e3o financeira que sempre atrapalha. N\u00e3o temos que lamentar, temos que buscar solu\u00e7\u00f5es. Almejamos quatro competi\u00e7\u00f5es para 2026 e alcan\u00e7amos. N\u00e3o temos que comemorar, temos que rever conceitos, avaliar o que foi feito de positivo e corrigir o que erramos\u201d, afirmou o presidente.<\/p>\n<p>Marcelo Teixeira explicou que a diretoria tinha como uma das metas a redu\u00e7\u00e3o da folha salarial, mas destacou que o planejamento precisou ser ajustado ao longo do processo. De acordo com ele, houve um acordo interno com o elenco envolvendo a readequa\u00e7\u00e3o dos sal\u00e1rios entre 2024 e 2025.<\/p>\n<p>\u201cT\u00ednhamos como meta diminuir a folha salarial e, de forma respons\u00e1vel, manter o grupo. Queremos fazer contrata\u00e7\u00f5es pontuais para que o grupo se fortale\u00e7a. O calend\u00e1rio vai exigir do Santos uma mescla com jogadores da base\u201d, disse.<\/p>\n<p>O presidente reconheceu que a folha atual est\u00e1 acima do ideal, mas considerou o cen\u00e1rio inevit\u00e1vel diante do momento vivido pelo clube.<\/p>\n<p>\u201cA folha do Santos \u00e9 alta para os padr\u00f5es, mas era inevit\u00e1vel. T\u00ednhamos um acordo com o plantel de reduzir os sal\u00e1rios em 2024 e aumentar em 2025. Temos car\u00eancias em algumas posi\u00e7\u00f5es\u201d, completou.<\/p>\n<p>O Santos retorna \u00e0s atividades remotamente no pr\u00f3ximo dia 26, e a reapresenta\u00e7\u00e3o presencial ser\u00e1 no dia 2 de janeiro.<\/p>\n<p>O primeiro advers\u00e1rio do Peixe ser\u00e1 o Novorizontino, na Vila Belmiro, no dia 11 de janeiro, pelo Campeonato Paulista. J\u00e1 pelo Campeonato Brasileiro, o Alvinegro enfrenta a Chapecoense na Arena Cond\u00e1, no dia 28 de janeiro.<\/p>\n<\/p><\/div>\n<p><br \/>\n<br \/>Fonte: <a href=\"https:\/\/www.diariodopeixe.com.br\/noticias\/marcelo-teixeira-admite-limitacoes-financeiras-e-projeta-ajustes-no-elenco-do-santos-para-2026\/\">Placar<\/a><\/p>\n","protected":false},"excerpt":{"rendered":"<p>Marcelo Teixeira planeja 2026 do Santos (Foto: Divulga\u00e7\u00e3o \/ Santos FC) O presidente do Santos, Marcelo Teixeira, avaliou a temporada do clube e comentou o atual cen\u00e1rio financeiro em entrevista \u00e0 ESPN. Ao abordar o planejamento para o pr\u00f3ximo ano, o dirigente adotou cautela em rela\u00e7\u00e3o ao mercado e indicou que o clube n\u00e3o pretende [&hellip;]<\/p>\n","protected":false},"author":5,"featured_media":57018,"comment_status":"open","ping_status":"open","sticky":false,"template":"","format":"standard","meta":{"_seopress_robots_primary_cat":"","_seopress_titles_title":"","_seopress_titles_desc":"","_seopress_robots_index":"","footnotes":""},"categories":[55],"tags":[],"class_list":["post-57017","post","type-post","status-publish","format-standard","has-post-thumbnail","hentry","category-santos-fc"],"_links":{"self":[{"href":"https:\/\/mussicom.com\/noticias\/wp-json\/wp\/v2\/posts\/57017","targetHints":{"allow":["GET"]}}],"collection":[{"href":"https:\/\/mussicom.com\/noticias\/wp-json\/wp\/v2\/posts"}],"about":[{"href":"https:\/\/mussicom.com\/noticias\/wp-json\/wp\/v2\/types\/post"}],"author":[{"embeddable":true,"href":"https:\/\/mussicom.com\/noticias\/wp-json\/wp\/v2\/users\/5"}],"replies":[{"embeddable":true,"href":"https:\/\/mussicom.com\/noticias\/wp-json\/wp\/v2\/comments?post=57017"}],"version-history":[{"count":0,"href":"https:\/\/mussicom.com\/noticias\/wp-json\/wp\/v2\/posts\/57017\/revisions"}],"wp:featuredmedia":[{"embeddable":true,"href":"https:\/\/mussicom.com\/noticias\/wp-json\/wp\/v2\/media\/57018"}],"wp:attachment":[{"href":"https:\/\/mussicom.com\/noticias\/wp-json\/wp\/v2\/media?parent=57017"}],"wp:term":[{"taxonomy":"category","embeddable":true,"href":"https:\/\/mussicom.com\/noticias\/wp-json\/wp\/v2\/categories?post=57017"},{"taxonomy":"post_tag","embeddable":true,"href":"https:\/\/mussicom.com\/noticias\/wp-json\/wp\/v2\/tags?post=57017"}],"curies":[{"name":"wp","href":"https:\/\/api.w.org\/{rel}","templated":true}]}}