{"id":57013,"date":"2025-12-20T22:37:18","date_gmt":"2025-12-21T01:37:18","guid":{"rendered":"https:\/\/mussicom.com\/atacante-do-rb-leipzig-revela-torcida-pelo-santos-e-cita-neymar-como-referencia\/"},"modified":"2025-12-20T22:37:18","modified_gmt":"2025-12-21T01:37:18","slug":"atacante-do-rb-leipzig-revela-torcida-pelo-santos-e-cita-neymar-como-referencia","status":"publish","type":"post","link":"https:\/\/mussicom.com\/noticias\/atacante-do-rb-leipzig-revela-torcida-pelo-santos-e-cita-neymar-como-referencia\/","title":{"rendered":"Atacante do RB Leipzig revela torcida pelo Santos e cita Neymar como refer\u00eancia"},"content":{"rendered":"<p> <br \/>\n<\/p>\n<div>\n<div id=\"attachment_176861\" style=\"width: 1002px\" class=\"wp-caption aligncenter\"><\/p>\n<p id=\"caption-attachment-176861\" class=\"wp-caption-text\">R\u00f4mulo est\u00e1 retornando de les\u00e3o no RB Leipzig (Foto: Divulga\u00e7\u00e3o \/ RB Leipzig)<\/p>\n<\/div>\n<p>Um dos destaques do RB Leipzig na temporada, o atacante brasileiro R\u00f4mulo concedeu entrevista \u00e0 ESPN e falou sobre o in\u00edcio de sua trajet\u00f3ria no futebol europeu, al\u00e9m de revelar a liga\u00e7\u00e3o pessoal com o <strong>Santos<\/strong>. Aos 23 anos, o jogador vive a primeira temporada no clube alem\u00e3o e soma quatro gols e tr\u00eas assist\u00eancias em 11 partidas.<\/p>\n<p>Durante a entrevista, R\u00f4mulo contou que, apesar da forma\u00e7\u00e3o no Athletico, sempre teve identifica\u00e7\u00e3o com o Santos. A rela\u00e7\u00e3o com o clube come\u00e7ou ainda na inf\u00e2ncia, por influ\u00eancia familiar, e foi fortalecida pelo acompanhamento da carreira de Neymar.<\/p>\n<p>\u201cMeu pai era santista e passou isso para mim. Desde pequeno eu sou santista. Cresci vendo o Neymar jogar, ent\u00e3o n\u00e3o tem como citar outro \u00eddolo. Ele fez com que eu me apaixonasse pelo futebol, com a magia que ele fazia no Santos, no Barcelona, no PSG\u201d, afirmou o atacante \u00e0 ESPN.<\/p>\n<p>Revelado pelo Athletico-PR, R\u00f4mulo foi negociado em 2024 com o G\u00f6ztepe, da Turquia, onde atuava na segunda divis\u00e3o do pa\u00eds. O desempenho chamou aten\u00e7\u00e3o de clubes do futebol europeu, incluindo o Fulham, da Inglaterra, mas o atacante optou pela transfer\u00eancia ao RB Leipzig, onde se firmou rapidamente no elenco.<\/p>\n<\/p><\/div>\n<p><br \/>\n<br \/>Fonte: <a href=\"https:\/\/www.diariodopeixe.com.br\/noticias\/atacante-do-rb-leipzig-revela-torcida-pelo-santos-e-cita-neymar-como-referencia\/\">Placar<\/a><\/p>\n","protected":false},"excerpt":{"rendered":"<p>R\u00f4mulo est\u00e1 retornando de les\u00e3o no RB Leipzig (Foto: Divulga\u00e7\u00e3o \/ RB Leipzig) Um dos destaques do RB Leipzig na temporada, o atacante brasileiro R\u00f4mulo concedeu entrevista \u00e0 ESPN e falou sobre o in\u00edcio de sua trajet\u00f3ria no futebol europeu, al\u00e9m de revelar a liga\u00e7\u00e3o pessoal com o Santos. Aos 23 anos, o jogador vive [&hellip;]<\/p>\n","protected":false},"author":5,"featured_media":57014,"comment_status":"open","ping_status":"open","sticky":false,"template":"","format":"standard","meta":{"_seopress_robots_primary_cat":"","_seopress_titles_title":"","_seopress_titles_desc":"","_seopress_robots_index":"","footnotes":""},"categories":[55],"tags":[],"class_list":["post-57013","post","type-post","status-publish","format-standard","has-post-thumbnail","hentry","category-santos-fc"],"_links":{"self":[{"href":"https:\/\/mussicom.com\/noticias\/wp-json\/wp\/v2\/posts\/57013","targetHints":{"allow":["GET"]}}],"collection":[{"href":"https:\/\/mussicom.com\/noticias\/wp-json\/wp\/v2\/posts"}],"about":[{"href":"https:\/\/mussicom.com\/noticias\/wp-json\/wp\/v2\/types\/post"}],"author":[{"embeddable":true,"href":"https:\/\/mussicom.com\/noticias\/wp-json\/wp\/v2\/users\/5"}],"replies":[{"embeddable":true,"href":"https:\/\/mussicom.com\/noticias\/wp-json\/wp\/v2\/comments?post=57013"}],"version-history":[{"count":0,"href":"https:\/\/mussicom.com\/noticias\/wp-json\/wp\/v2\/posts\/57013\/revisions"}],"wp:featuredmedia":[{"embeddable":true,"href":"https:\/\/mussicom.com\/noticias\/wp-json\/wp\/v2\/media\/57014"}],"wp:attachment":[{"href":"https:\/\/mussicom.com\/noticias\/wp-json\/wp\/v2\/media?parent=57013"}],"wp:term":[{"taxonomy":"category","embeddable":true,"href":"https:\/\/mussicom.com\/noticias\/wp-json\/wp\/v2\/categories?post=57013"},{"taxonomy":"post_tag","embeddable":true,"href":"https:\/\/mussicom.com\/noticias\/wp-json\/wp\/v2\/tags?post=57013"}],"curies":[{"name":"wp","href":"https:\/\/api.w.org\/{rel}","templated":true}]}}