{"id":56954,"date":"2025-12-19T14:45:19","date_gmt":"2025-12-19T17:45:19","guid":{"rendered":"https:\/\/mussicom.com\/ano-novo-em-santos-tera-show-pirotecnico-de-14-minutos-guilherme-arantes-na-praia-e-reforco-na-seguranca\/"},"modified":"2025-12-19T14:45:19","modified_gmt":"2025-12-19T17:45:19","slug":"ano-novo-em-santos-tera-show-pirotecnico-de-14-minutos-guilherme-arantes-na-praia-e-reforco-na-seguranca","status":"publish","type":"post","link":"https:\/\/mussicom.com\/noticias\/ano-novo-em-santos-tera-show-pirotecnico-de-14-minutos-guilherme-arantes-na-praia-e-reforco-na-seguranca\/","title":{"rendered":"Ano Novo em Santos ter\u00e1 show pirot\u00e9cnico de 14 minutos, Guilherme Arantes na praia e refor\u00e7o na seguran\u00e7a"},"content":{"rendered":"<p> <br \/>\n<\/p>\n<div><\/p>\n<div>A virada do ano em Santos promete marcar a chegada de 2026 com uma grande celebra\u00e7\u00e3o na orla. A cidade espera receber cerca<\/div>\n<\/div>\n<p><br \/>\n<br \/>Fonte: <a href=\"https:\/\/jornaldaorla.com.br\/noticias\/ano-novo-em-santos-tera-show-pirotecnico-de-14-minutos-guilherme-arantes-na-praia-e-reforco-na-seguranca\/\">Jornal Da Orla<\/a><\/p>\n","protected":false},"excerpt":{"rendered":"<p>A virada do ano em Santos promete marcar a chegada de 2026 com uma grande celebra\u00e7\u00e3o na orla. A cidade espera receber cerca Fonte: Jornal Da Orla<\/p>\n","protected":false},"author":5,"featured_media":56955,"comment_status":"open","ping_status":"open","sticky":false,"template":"","format":"standard","meta":{"_seopress_robots_primary_cat":"","_seopress_titles_title":"","_seopress_titles_desc":"","_seopress_robots_index":"","footnotes":""},"categories":[52],"tags":[],"class_list":["post-56954","post","type-post","status-publish","format-standard","has-post-thumbnail","hentry","category-santoseregiao"],"_links":{"self":[{"href":"https:\/\/mussicom.com\/noticias\/wp-json\/wp\/v2\/posts\/56954","targetHints":{"allow":["GET"]}}],"collection":[{"href":"https:\/\/mussicom.com\/noticias\/wp-json\/wp\/v2\/posts"}],"about":[{"href":"https:\/\/mussicom.com\/noticias\/wp-json\/wp\/v2\/types\/post"}],"author":[{"embeddable":true,"href":"https:\/\/mussicom.com\/noticias\/wp-json\/wp\/v2\/users\/5"}],"replies":[{"embeddable":true,"href":"https:\/\/mussicom.com\/noticias\/wp-json\/wp\/v2\/comments?post=56954"}],"version-history":[{"count":0,"href":"https:\/\/mussicom.com\/noticias\/wp-json\/wp\/v2\/posts\/56954\/revisions"}],"wp:featuredmedia":[{"embeddable":true,"href":"https:\/\/mussicom.com\/noticias\/wp-json\/wp\/v2\/media\/56955"}],"wp:attachment":[{"href":"https:\/\/mussicom.com\/noticias\/wp-json\/wp\/v2\/media?parent=56954"}],"wp:term":[{"taxonomy":"category","embeddable":true,"href":"https:\/\/mussicom.com\/noticias\/wp-json\/wp\/v2\/categories?post=56954"},{"taxonomy":"post_tag","embeddable":true,"href":"https:\/\/mussicom.com\/noticias\/wp-json\/wp\/v2\/tags?post=56954"}],"curies":[{"name":"wp","href":"https:\/\/api.w.org\/{rel}","templated":true}]}}