{"id":56948,"date":"2025-12-19T11:42:16","date_gmt":"2025-12-19T14:42:16","guid":{"rendered":"https:\/\/mussicom.com\/bombeiros-controlam-principio-de-incendio-na-proplastik-em-santos\/"},"modified":"2025-12-19T11:42:16","modified_gmt":"2025-12-19T14:42:16","slug":"bombeiros-controlam-principio-de-incendio-na-proplastik-em-santos","status":"publish","type":"post","link":"https:\/\/mussicom.com\/noticias\/bombeiros-controlam-principio-de-incendio-na-proplastik-em-santos\/","title":{"rendered":"Bombeiros controlam princ\u00edpio de inc\u00eandio na Proplastik, em Santos"},"content":{"rendered":"<p> <br \/>\n<\/p>\n<div><\/p>\n<div>Fogo come\u00e7ou em uma geladeira do estabelecimento e foi rapidamente controlado pUm princ\u00edpio de inc\u00eandio na loja Proplastik, na avenida Pedr<\/div>\n<\/div>\n<p><br \/>\n<br \/>Fonte: <a href=\"https:\/\/jornaldaorla.com.br\/noticias\/bombeiros-controlam-principio-de-incendio-na-proplastik-em-santos\/\">Jornal Da Orla<\/a><\/p>\n","protected":false},"excerpt":{"rendered":"<p>Fogo come\u00e7ou em uma geladeira do estabelecimento e foi rapidamente controlado pUm princ\u00edpio de inc\u00eandio na loja Proplastik, na avenida Pedr Fonte: Jornal Da Orla<\/p>\n","protected":false},"author":5,"featured_media":56949,"comment_status":"open","ping_status":"open","sticky":false,"template":"","format":"standard","meta":{"_seopress_robots_primary_cat":"","_seopress_titles_title":"","_seopress_titles_desc":"","_seopress_robots_index":"","footnotes":""},"categories":[52],"tags":[],"class_list":["post-56948","post","type-post","status-publish","format-standard","has-post-thumbnail","hentry","category-santoseregiao"],"_links":{"self":[{"href":"https:\/\/mussicom.com\/noticias\/wp-json\/wp\/v2\/posts\/56948","targetHints":{"allow":["GET"]}}],"collection":[{"href":"https:\/\/mussicom.com\/noticias\/wp-json\/wp\/v2\/posts"}],"about":[{"href":"https:\/\/mussicom.com\/noticias\/wp-json\/wp\/v2\/types\/post"}],"author":[{"embeddable":true,"href":"https:\/\/mussicom.com\/noticias\/wp-json\/wp\/v2\/users\/5"}],"replies":[{"embeddable":true,"href":"https:\/\/mussicom.com\/noticias\/wp-json\/wp\/v2\/comments?post=56948"}],"version-history":[{"count":0,"href":"https:\/\/mussicom.com\/noticias\/wp-json\/wp\/v2\/posts\/56948\/revisions"}],"wp:featuredmedia":[{"embeddable":true,"href":"https:\/\/mussicom.com\/noticias\/wp-json\/wp\/v2\/media\/56949"}],"wp:attachment":[{"href":"https:\/\/mussicom.com\/noticias\/wp-json\/wp\/v2\/media?parent=56948"}],"wp:term":[{"taxonomy":"category","embeddable":true,"href":"https:\/\/mussicom.com\/noticias\/wp-json\/wp\/v2\/categories?post=56948"},{"taxonomy":"post_tag","embeddable":true,"href":"https:\/\/mussicom.com\/noticias\/wp-json\/wp\/v2\/tags?post=56948"}],"curies":[{"name":"wp","href":"https:\/\/api.w.org\/{rel}","templated":true}]}}