{"id":56876,"date":"2025-12-17T18:16:18","date_gmt":"2025-12-17T21:16:18","guid":{"rendered":"https:\/\/mussicom.com\/artilheira-de-2025-laryh-renova-contrato-com-as-sereias-da-vila\/"},"modified":"2025-12-17T18:16:18","modified_gmt":"2025-12-17T21:16:18","slug":"artilheira-de-2025-laryh-renova-contrato-com-as-sereias-da-vila","status":"publish","type":"post","link":"https:\/\/mussicom.com\/noticias\/artilheira-de-2025-laryh-renova-contrato-com-as-sereias-da-vila\/","title":{"rendered":"Artilheira de 2025, Laryh, renova contrato com as Sereias da Vila"},"content":{"rendered":"<p> <br \/>\n<\/p>\n<div id=\"post-176823\">\n<div class=\"post-content\">\n<div id=\"attachment_176824\" style=\"width: 935px\" class=\"wp-caption aligncenter\"><\/p>\n<p id=\"caption-attachment-176824\" class=\"wp-caption-text\">A atacante Laryh foi a artilheira das Sereias da Vila na temporada (Cr\u00e9dito: Reinaldo Campos\/SantosFC)<\/p>\n<\/div>\n<p>A artilheira da temporada, Laryh, est\u00e1 com contrato renovado com o <strong>Santos<\/strong>. Ela prorrogou seu v\u00ednculo com as Sereias da Vila at\u00e9 31 de dezembro de 2026.<\/p>\n<p>A atacante de 38 anos, que retornou para o time santista no in\u00edcio da temporada, disputou todas as 32 partidas realizadas pelas Sereias da Vila no ano de 2025 e foi um dos pilares da equipe. Ao todo, contando suas duas passagens, ela j\u00e1 soma 58 partidas pelo Santos.<\/p>\n<p>Ela tamb\u00e9m foi a artilheira do ano, com 13 gols marcados. Somados aos 9 feitos em 2020, possui 22 gols marcados pelo Peixe.<\/p>\n<p>\u201c\u00c9 uma felicidade muito grande fazer parte desse projeto por mais um ano. Que 2026 seja um ano de muitas conquistas para as Sereias da Vila\u201d, disse a atleta.<\/p>\n<\/p><\/div>\n<div class=\"fusion-sharing-box fusion-theme-sharing-box fusion-single-sharing-box\">\n<h4>Compartilhe essa not\u00edcia, escolha a sua rede!<\/h4>\n<\/p><\/div>\n<p>\t\t<!-- #respond -->\n\t\t\t\t\t\t\t\t\t\t\t\t\t\t<\/div>\n<p><br \/>\n<br \/>Fonte: <a href=\"https:\/\/www.diariodopeixe.com.br\/noticias\/artilheira-de-2025-laryh-renova-contrato-com-as-sereias-da-vila\/\">Placar<\/a><\/p>\n","protected":false},"excerpt":{"rendered":"<p>A atacante Laryh foi a artilheira das Sereias da Vila na temporada (Cr\u00e9dito: Reinaldo Campos\/SantosFC) A artilheira da temporada, Laryh, est\u00e1 com contrato renovado com o Santos. Ela prorrogou seu v\u00ednculo com as Sereias da Vila at\u00e9 31 de dezembro de 2026. A atacante de 38 anos, que retornou para o time santista no in\u00edcio [&hellip;]<\/p>\n","protected":false},"author":5,"featured_media":56877,"comment_status":"open","ping_status":"open","sticky":false,"template":"","format":"standard","meta":{"_seopress_robots_primary_cat":"","_seopress_titles_title":"","_seopress_titles_desc":"","_seopress_robots_index":"","footnotes":""},"categories":[55],"tags":[],"class_list":["post-56876","post","type-post","status-publish","format-standard","has-post-thumbnail","hentry","category-santos-fc"],"_links":{"self":[{"href":"https:\/\/mussicom.com\/noticias\/wp-json\/wp\/v2\/posts\/56876","targetHints":{"allow":["GET"]}}],"collection":[{"href":"https:\/\/mussicom.com\/noticias\/wp-json\/wp\/v2\/posts"}],"about":[{"href":"https:\/\/mussicom.com\/noticias\/wp-json\/wp\/v2\/types\/post"}],"author":[{"embeddable":true,"href":"https:\/\/mussicom.com\/noticias\/wp-json\/wp\/v2\/users\/5"}],"replies":[{"embeddable":true,"href":"https:\/\/mussicom.com\/noticias\/wp-json\/wp\/v2\/comments?post=56876"}],"version-history":[{"count":0,"href":"https:\/\/mussicom.com\/noticias\/wp-json\/wp\/v2\/posts\/56876\/revisions"}],"wp:featuredmedia":[{"embeddable":true,"href":"https:\/\/mussicom.com\/noticias\/wp-json\/wp\/v2\/media\/56877"}],"wp:attachment":[{"href":"https:\/\/mussicom.com\/noticias\/wp-json\/wp\/v2\/media?parent=56876"}],"wp:term":[{"taxonomy":"category","embeddable":true,"href":"https:\/\/mussicom.com\/noticias\/wp-json\/wp\/v2\/categories?post=56876"},{"taxonomy":"post_tag","embeddable":true,"href":"https:\/\/mussicom.com\/noticias\/wp-json\/wp\/v2\/tags?post=56876"}],"curies":[{"name":"wp","href":"https:\/\/api.w.org\/{rel}","templated":true}]}}