{"id":56860,"date":"2025-12-17T10:13:16","date_gmt":"2025-12-17T13:13:16","guid":{"rendered":"https:\/\/mussicom.com\/ceara-tenta-novo-emprestimo-de-zanocelo-mas-santos-quer-venda-definitiva\/"},"modified":"2025-12-17T10:13:16","modified_gmt":"2025-12-17T13:13:16","slug":"ceara-tenta-novo-emprestimo-de-zanocelo-mas-santos-quer-venda-definitiva","status":"publish","type":"post","link":"https:\/\/mussicom.com\/noticias\/ceara-tenta-novo-emprestimo-de-zanocelo-mas-santos-quer-venda-definitiva\/","title":{"rendered":"Cear\u00e1 tenta novo empr\u00e9stimo de Zanocelo, mas Santos quer venda definitiva"},"content":{"rendered":"<p> <br \/>\n<\/p>\n<div>\n<div id=\"attachment_176804\" style=\"width: 985px\" class=\"wp-caption aligncenter\"><\/p>\n<p id=\"caption-attachment-176804\" class=\"wp-caption-text\">Cear\u00e1 quer manter Zanocelo para 2026 (Foto: Divulga\u00e7\u00e3o \/ Cear\u00e1)<\/p>\n<\/div>\n<p>O Cear\u00e1 mant\u00e9m conversas com o <strong>Santos<\/strong> sobre a situa\u00e7\u00e3o do volante Vin\u00edcius Zanocelo, mas as negocia\u00e7\u00f5es ainda n\u00e3o evolu\u00edram. O principal entrave \u00e9 o modelo do acordo: enquanto o clube cearense busca a renova\u00e7\u00e3o do empr\u00e9stimo, o Peixe deixou claro que s\u00f3 aceita liberar o jogador em definitivo.<\/p>\n<p>Zanocelo foi anunciado pelo Cear\u00e1 no dia 8 de agosto e ganhou espa\u00e7o rapidamente. Desde a chegada, o volante disputou 15 partidas pelo clube e marcou um gol. Ele recebeu a primeira oportunidade como titular no confronto contra o Bahia, pela 24\u00aa rodada do Campeonato Brasileiro, e iniciou jogando em todas as outras partidas do time na competi\u00e7\u00e3o \u2013 terminando o ano bastante elogiado.<\/p>\n<p>Apesar do interesse do Cear\u00e1 em mant\u00ea-lo, o Santos n\u00e3o abriu negocia\u00e7\u00e3o para um novo empr\u00e9stimo. A diretoria santista entende que o momento \u00e9 de buscar uma venda, j\u00e1 que det\u00e9m 60% dos direitos econ\u00f4micos do atleta. Os outros 40% pertencem \u00e0 Ferrovi\u00e1ria, clube com o qual o jogador tamb\u00e9m teve passagem antes de chegar \u00e0 Vila Belmiro.<\/p>\n<p>Natural de Santo Andr\u00e9, em S\u00e3o Paulo, Zanocelo tem 24 anos e come\u00e7ou a carreira na Ponte Preta. Depois, se transferiu para a Ferrovi\u00e1ria, onde ganhou destaque nacional. Em junho de 2021, chegou ao Santos por empr\u00e9stimo e, ao longo do v\u00ednculo, acumulou 79 jogos, com cinco gols e duas assist\u00eancias.<\/p>\n<p>O volante foi adquirido em definitivo pelo Santos em dezembro de 2022. Na ocasi\u00e3o, o clube investiu cerca de 2 milh\u00f5es de euros, valor aproximado de R$ 10,6 milh\u00f5es na cota\u00e7\u00e3o da \u00e9poca, pagos de forma parcelada \u00e0 Ferrovi\u00e1ria. No ano seguinte, Zanocelo foi emprestado ao Fortaleza, mas teve a passagem prejudicada por uma les\u00e3o no p\u00fabis, atuando em apenas 12 jogos e marcando um gol.<\/p>\n<p>No come\u00e7o de 2024, Zanocelo vestiu as camisas do Estoril Praia, de Portugal. No futebol portugu\u00eas, o atleta se destacou, foi titular e teve melhora f\u00edsica ap\u00f3s les\u00e3o no clube anterior. L\u00e1 ele disputou 46 jogos e marcou tr\u00eas gols.<\/p>\n<p>O jogador tamb\u00e9m chegou a despertar consultas de equipes da S\u00e9rie A, mas nenhuma proposta oficial foi apresentada at\u00e9 o momento. Assim, o futuro de Zanocelo segue indefinido, enquanto os clubes tentam encontrar um formato de negocia\u00e7\u00e3o que atenda aos interesses de ambas as partes.<\/p>\n<p>Rebaixado \u00e0 S\u00e9rie B do Campeonato Brasileiro, o Cear\u00e1 passa por reformula\u00e7\u00e3o e anunciou recentemente Mozart como novo treinador, ap\u00f3s a sa\u00edda de L\u00e9o Cond\u00e9.<\/p>\n<\/p><\/div>\n<p><br \/>\n<br \/>Fonte: <a href=\"https:\/\/www.diariodopeixe.com.br\/noticias\/ceara-tenta-novo-emprestimo-de-zanocelo-mas-santos-quer-venda-definitiva\/\">Placar<\/a><\/p>\n","protected":false},"excerpt":{"rendered":"<p>Cear\u00e1 quer manter Zanocelo para 2026 (Foto: Divulga\u00e7\u00e3o \/ Cear\u00e1) O Cear\u00e1 mant\u00e9m conversas com o Santos sobre a situa\u00e7\u00e3o do volante Vin\u00edcius Zanocelo, mas as negocia\u00e7\u00f5es ainda n\u00e3o evolu\u00edram. O principal entrave \u00e9 o modelo do acordo: enquanto o clube cearense busca a renova\u00e7\u00e3o do empr\u00e9stimo, o Peixe deixou claro que s\u00f3 aceita liberar [&hellip;]<\/p>\n","protected":false},"author":5,"featured_media":56861,"comment_status":"open","ping_status":"open","sticky":false,"template":"","format":"standard","meta":{"_seopress_robots_primary_cat":"","_seopress_titles_title":"","_seopress_titles_desc":"","_seopress_robots_index":"","footnotes":""},"categories":[55],"tags":[],"class_list":["post-56860","post","type-post","status-publish","format-standard","has-post-thumbnail","hentry","category-santos-fc"],"_links":{"self":[{"href":"https:\/\/mussicom.com\/noticias\/wp-json\/wp\/v2\/posts\/56860","targetHints":{"allow":["GET"]}}],"collection":[{"href":"https:\/\/mussicom.com\/noticias\/wp-json\/wp\/v2\/posts"}],"about":[{"href":"https:\/\/mussicom.com\/noticias\/wp-json\/wp\/v2\/types\/post"}],"author":[{"embeddable":true,"href":"https:\/\/mussicom.com\/noticias\/wp-json\/wp\/v2\/users\/5"}],"replies":[{"embeddable":true,"href":"https:\/\/mussicom.com\/noticias\/wp-json\/wp\/v2\/comments?post=56860"}],"version-history":[{"count":0,"href":"https:\/\/mussicom.com\/noticias\/wp-json\/wp\/v2\/posts\/56860\/revisions"}],"wp:featuredmedia":[{"embeddable":true,"href":"https:\/\/mussicom.com\/noticias\/wp-json\/wp\/v2\/media\/56861"}],"wp:attachment":[{"href":"https:\/\/mussicom.com\/noticias\/wp-json\/wp\/v2\/media?parent=56860"}],"wp:term":[{"taxonomy":"category","embeddable":true,"href":"https:\/\/mussicom.com\/noticias\/wp-json\/wp\/v2\/categories?post=56860"},{"taxonomy":"post_tag","embeddable":true,"href":"https:\/\/mussicom.com\/noticias\/wp-json\/wp\/v2\/tags?post=56860"}],"curies":[{"name":"wp","href":"https:\/\/api.w.org\/{rel}","templated":true}]}}