{"id":56854,"date":"2025-12-17T02:11:21","date_gmt":"2025-12-17T05:11:21","guid":{"rendered":"https:\/\/mussicom.com\/lateral-direito-do-sub-20-deixa-o-santos-e-acerta-com-o-avai\/"},"modified":"2025-12-17T02:11:21","modified_gmt":"2025-12-17T05:11:21","slug":"lateral-direito-do-sub-20-deixa-o-santos-e-acerta-com-o-avai","status":"publish","type":"post","link":"https:\/\/mussicom.com\/noticias\/lateral-direito-do-sub-20-deixa-o-santos-e-acerta-com-o-avai\/","title":{"rendered":"Lateral-direito do Sub-20 deixa o Santos e acerta com o Ava\u00ed"},"content":{"rendered":"<p> <br \/>\n<\/p>\n<div id=\"post-176802\">\n<div class=\"post-content\">\n<div id=\"attachment_164381\" style=\"width: 967px\" class=\"wp-caption aligncenter\"><\/p>\n<p id=\"caption-attachment-164381\" class=\"wp-caption-text\">Gabriel Simples tinha contrato com o Santos apenas at\u00e9 o final de janeiro (Cr\u00e9dito: Bruno Vaz\/Santos FC)<\/p>\n<\/div>\n<p>O lateral-direito Gabriel Simples, da equipe Sub-20, acertou a sa\u00edda do <strong>Santos<\/strong> e vai defender o time profissional do Ava\u00ed a partir da pr\u00f3xima temporada. O jogador tinha contrato apenas at\u00e9 o dia 31 de janeiro, estourava a idade das categorias de base e n\u00e3o estava nos planos do profissional do Peixe.<\/p>\n<p>Para liberar o jogador, o Santos ficou com um percentual de uma poss\u00edvel venda futura. Gabriel Simples foi revelado pelo XV de Piracicaba e contratato pelo Peixe no in\u00edcio de 2024. O time do interior ficou com 50% dos direitos sobre o atleta.<\/p>\n<p>Nesta temporada, Gabriel Simples disputou 23 jogos e fez dois gols em competi\u00e7\u00f5es organizadas pela Federa\u00e7\u00e3o Paulista de Futebol (Copinha e Campeonato Paulista Sub-20). No Estadual, ele foi titular no in\u00edcio da campanha do t\u00edtulo, mas perdeu a posi\u00e7\u00e3o ap\u00f3s JP Chermont descer do profissional.<\/p>\n<p>JP Chermont, ali\u00e1s, deve ser o titular da posi\u00e7\u00e3o na Copinha de 2026, que come\u00e7a para o Santos no dia 4 de janeiro.<\/p>\n<p>\u00a0<\/p>\n<p>\u00a0<\/p>\n<\/p><\/div>\n<div class=\"fusion-sharing-box fusion-theme-sharing-box fusion-single-sharing-box\">\n<h4>Compartilhe essa not\u00edcia, escolha a sua rede!<\/h4>\n<\/p><\/div>\n<p>\t\t<!-- #respond -->\n\t\t\t\t\t\t\t\t\t\t\t\t\t\t<\/div>\n<p><br \/>\n<br \/>Fonte: <a href=\"https:\/\/www.diariodopeixe.com.br\/noticias\/lateral-direito-do-sub-20-deixa-o-santos-e-acerta-com-o-avai\/\">Placar<\/a><\/p>\n","protected":false},"excerpt":{"rendered":"<p>Gabriel Simples tinha contrato com o Santos apenas at\u00e9 o final de janeiro (Cr\u00e9dito: Bruno Vaz\/Santos FC) O lateral-direito Gabriel Simples, da equipe Sub-20, acertou a sa\u00edda do Santos e vai defender o time profissional do Ava\u00ed a partir da pr\u00f3xima temporada. O jogador tinha contrato apenas at\u00e9 o dia 31 de janeiro, estourava a [&hellip;]<\/p>\n","protected":false},"author":5,"featured_media":56855,"comment_status":"open","ping_status":"open","sticky":false,"template":"","format":"standard","meta":{"_seopress_robots_primary_cat":"","_seopress_titles_title":"","_seopress_titles_desc":"","_seopress_robots_index":"","footnotes":""},"categories":[55],"tags":[],"class_list":["post-56854","post","type-post","status-publish","format-standard","has-post-thumbnail","hentry","category-santos-fc"],"_links":{"self":[{"href":"https:\/\/mussicom.com\/noticias\/wp-json\/wp\/v2\/posts\/56854","targetHints":{"allow":["GET"]}}],"collection":[{"href":"https:\/\/mussicom.com\/noticias\/wp-json\/wp\/v2\/posts"}],"about":[{"href":"https:\/\/mussicom.com\/noticias\/wp-json\/wp\/v2\/types\/post"}],"author":[{"embeddable":true,"href":"https:\/\/mussicom.com\/noticias\/wp-json\/wp\/v2\/users\/5"}],"replies":[{"embeddable":true,"href":"https:\/\/mussicom.com\/noticias\/wp-json\/wp\/v2\/comments?post=56854"}],"version-history":[{"count":0,"href":"https:\/\/mussicom.com\/noticias\/wp-json\/wp\/v2\/posts\/56854\/revisions"}],"wp:featuredmedia":[{"embeddable":true,"href":"https:\/\/mussicom.com\/noticias\/wp-json\/wp\/v2\/media\/56855"}],"wp:attachment":[{"href":"https:\/\/mussicom.com\/noticias\/wp-json\/wp\/v2\/media?parent=56854"}],"wp:term":[{"taxonomy":"category","embeddable":true,"href":"https:\/\/mussicom.com\/noticias\/wp-json\/wp\/v2\/categories?post=56854"},{"taxonomy":"post_tag","embeddable":true,"href":"https:\/\/mussicom.com\/noticias\/wp-json\/wp\/v2\/tags?post=56854"}],"curies":[{"name":"wp","href":"https:\/\/api.w.org\/{rel}","templated":true}]}}