{"id":56772,"date":"2025-12-13T13:45:25","date_gmt":"2025-12-13T16:45:25","guid":{"rendered":"https:\/\/mussicom.com\/vojvoda-pede-avaliacao-de-miguelito-na-pre-temporada-de-2026\/"},"modified":"2025-12-13T13:45:25","modified_gmt":"2025-12-13T16:45:25","slug":"vojvoda-pede-avaliacao-de-miguelito-na-pre-temporada-de-2026","status":"publish","type":"post","link":"https:\/\/mussicom.com\/noticias\/vojvoda-pede-avaliacao-de-miguelito-na-pre-temporada-de-2026\/","title":{"rendered":"Vojvoda pede avalia\u00e7\u00e3o de Miguelito na pr\u00e9-temporada de 2026"},"content":{"rendered":"<p> <br \/>\n<\/p>\n<div>\n<div id=\"attachment_165942\" style=\"width: 986px\" class=\"wp-caption aligncenter\"><\/p>\n<p id=\"caption-attachment-165942\" class=\"wp-caption-text\">Migueito tem contrato com o Santos at\u00e9 abril de 2027 (Cr\u00e9dito: Raul Baretta\/Santos FC)<\/p>\n<\/div>\n<p>O <strong>Santos<\/strong> decidiu reintegrar o meia Miguelito ao elenco principal para o in\u00edcio da temporada 2026. O retorno do boliviano de 21 anos acontece a pedido do t\u00e9cnico Juan Pablo Vojvoda, que quer observar o jogador durante a pr\u00e9-temporada antes de qualquer defini\u00e7\u00e3o sobre seu futuro no clube. Miguelito estava emprestado ao Am\u00e9rica-MG desde o meio de 2025.<\/p>\n<p>O clube mineiro tentou renovar o empr\u00e9stimo, mas o Santos optou pelo retorno do atleta ao CT Rei Pel\u00e9. A diretoria entende que a avalia\u00e7\u00e3o direta da comiss\u00e3o t\u00e9cnica ser\u00e1 determinante para definir se o jogador ser\u00e1 aproveitado ao longo da temporada ou negociado posteriormente. Uma poss\u00edvel venda dos direitos econ\u00f4micos n\u00e3o est\u00e1 descartada para clubes de fora.<\/p>\n<p>Durante o empr\u00e9stimo ao Am\u00e9rica, Miguelito disputou 25 partidas, marcou sete gols e distribuiu cinco assist\u00eancias. O desempenho despertou novamente a aten\u00e7\u00e3o do Santos, que j\u00e1 havia recusado, em junho, uma proposta de empr\u00e9stimo do Athletico-PR. Pelo Peixe em 2025, o meia atuou em quatro jogos do Campeonato Paulista, contra Ponte Preta, Velo Clube, S\u00e3o Paulo e \u00c1gua Santa.<\/p>\n<p>Miguelito est\u00e1 no Santos desde 2018, quando chegou ainda adolescente ap\u00f3s disputar um amistoso pelo Sub-15. Por conta das regras da Fifa, passou anos atuando apenas em competi\u00e7\u00f5es n\u00e3o oficiais at\u00e9 completar a maioridade. At\u00e9 o ano passado, dividiu-se entre o Sub-20 e o elenco profissional, al\u00e9m de ganhar espa\u00e7o na sele\u00e7\u00e3o principal da Bol\u00edvia, inclusive nas Eliminat\u00f3rias.<\/p>\n<p>Ao todo, Miguelito soma 18 partidas pelo time profissional do Santos. O contrato do meia \u00e9 v\u00e1lido at\u00e9 24 de abril de 2027, e a pr\u00e9-temporada ser\u00e1 importante para definir seu papel no planejamento do clube para 2026.<\/p>\n<\/p><\/div>\n<p><br \/>\n<br \/>Fonte: <a href=\"https:\/\/www.diariodopeixe.com.br\/noticias\/vojvoda-pede-avaliacao-de-miguelito-na-pre-temporada-de-2026\/\">Placar<\/a><\/p>\n","protected":false},"excerpt":{"rendered":"<p>Migueito tem contrato com o Santos at\u00e9 abril de 2027 (Cr\u00e9dito: Raul Baretta\/Santos FC) O Santos decidiu reintegrar o meia Miguelito ao elenco principal para o in\u00edcio da temporada 2026. O retorno do boliviano de 21 anos acontece a pedido do t\u00e9cnico Juan Pablo Vojvoda, que quer observar o jogador durante a pr\u00e9-temporada antes de [&hellip;]<\/p>\n","protected":false},"author":5,"featured_media":56773,"comment_status":"open","ping_status":"open","sticky":false,"template":"","format":"standard","meta":{"_seopress_robots_primary_cat":"","_seopress_titles_title":"","_seopress_titles_desc":"","_seopress_robots_index":"","footnotes":""},"categories":[55],"tags":[],"class_list":["post-56772","post","type-post","status-publish","format-standard","has-post-thumbnail","hentry","category-santos-fc"],"_links":{"self":[{"href":"https:\/\/mussicom.com\/noticias\/wp-json\/wp\/v2\/posts\/56772","targetHints":{"allow":["GET"]}}],"collection":[{"href":"https:\/\/mussicom.com\/noticias\/wp-json\/wp\/v2\/posts"}],"about":[{"href":"https:\/\/mussicom.com\/noticias\/wp-json\/wp\/v2\/types\/post"}],"author":[{"embeddable":true,"href":"https:\/\/mussicom.com\/noticias\/wp-json\/wp\/v2\/users\/5"}],"replies":[{"embeddable":true,"href":"https:\/\/mussicom.com\/noticias\/wp-json\/wp\/v2\/comments?post=56772"}],"version-history":[{"count":0,"href":"https:\/\/mussicom.com\/noticias\/wp-json\/wp\/v2\/posts\/56772\/revisions"}],"wp:featuredmedia":[{"embeddable":true,"href":"https:\/\/mussicom.com\/noticias\/wp-json\/wp\/v2\/media\/56773"}],"wp:attachment":[{"href":"https:\/\/mussicom.com\/noticias\/wp-json\/wp\/v2\/media?parent=56772"}],"wp:term":[{"taxonomy":"category","embeddable":true,"href":"https:\/\/mussicom.com\/noticias\/wp-json\/wp\/v2\/categories?post=56772"},{"taxonomy":"post_tag","embeddable":true,"href":"https:\/\/mussicom.com\/noticias\/wp-json\/wp\/v2\/tags?post=56772"}],"curies":[{"name":"wp","href":"https:\/\/api.w.org\/{rel}","templated":true}]}}