{"id":56710,"date":"2025-12-11T01:26:16","date_gmt":"2025-12-11T04:26:16","guid":{"rendered":"https:\/\/mussicom.com\/santos-define-periodo-de-ferias-e-data-de-inicio-da-pre-temporada\/"},"modified":"2025-12-11T01:26:16","modified_gmt":"2025-12-11T04:26:16","slug":"santos-define-periodo-de-ferias-e-data-de-inicio-da-pre-temporada","status":"publish","type":"post","link":"https:\/\/mussicom.com\/noticias\/santos-define-periodo-de-ferias-e-data-de-inicio-da-pre-temporada\/","title":{"rendered":"Santos define per\u00edodo de f\u00e9rias e data de in\u00edcio da pr\u00e9-temporada"},"content":{"rendered":"<p> <br \/>\n<\/p>\n<div>\n<div id=\"attachment_176443\" style=\"width: 725px\" class=\"wp-caption aligncenter\"><\/p>\n<p id=\"caption-attachment-176443\" class=\"wp-caption-text\">Jogadores ter\u00e3o 18 dias de f\u00e9rias (Cr\u00e9dito: Raul Baretta\/Santos FC)<\/p>\n<\/div>\n<p>O elenco do Santos iniciou oficialmente o per\u00edodo de f\u00e9rias ap\u00f3s a vit\u00f3ria por 3 a 0 sobre o Cruzeiro, no \u00faltimo domingo, na Vila Belmiro, resultado que confirmou a perman\u00eancia do clube na S\u00e9rie A. Jogadores e comiss\u00e3o t\u00e9cnica agora ter\u00e3o um intervalo programado de descanso antes do in\u00edcio da prepara\u00e7\u00e3o para 2026.<\/p>\n<p>Ao todo, o grupo ter\u00e1 18 dias de f\u00e9rias. Inicialmente, o planejamento previa 16 dias de pausa, j\u00e1 que o elenco havia recebido 14 dias de descanso durante a paralisa\u00e7\u00e3o do calend\u00e1rio no Mundial de Clubes, no meio da temporada de 2025. No entanto, como o retorno cairia na v\u00e9spera de Natal, o clube optou por ampliar o recesso em mais dois dias.<\/p>\n<p>Mesmo durante o per\u00edodo afastado do CT Rei Pel\u00e9, os atletas n\u00e3o ficar\u00e3o totalmente desligados das atividades. A partir do dia 26 de dezembro, os jogadores passam a cumprir uma programa\u00e7\u00e3o individual e remota, com acompanhamento do departamento de prepara\u00e7\u00e3o f\u00edsica.<\/p>\n<p>A reapresenta\u00e7\u00e3o presencial de todo o grupo, incluindo comiss\u00e3o t\u00e9cnica, est\u00e1 marcada para o dia 2 de janeiro, quando se dar\u00e1 in\u00edcio oficialmente \u00e0 pr\u00e9-temporada no CT Rei Pel\u00e9.<\/p>\n<p>A estreia do Santos em 2026 ainda n\u00e3o foi confirmada pela Federa\u00e7\u00e3o Paulista, mas a expectativa \u00e9 de que aconte\u00e7a no fim de semana de 10 ou 11 de janeiro, diante do Novorizontino, na Vila Belmiro, pela primeira rodada do Campeonato Paulista.<\/p>\n<\/p><\/div>\n<p><br \/>\n<br \/>Fonte: <a href=\"https:\/\/www.diariodopeixe.com.br\/noticias\/santos-define-periodo-de-ferias-e-data-de-inicio-da-pre-temporada\/\">Placar<\/a><\/p>\n","protected":false},"excerpt":{"rendered":"<p>Jogadores ter\u00e3o 18 dias de f\u00e9rias (Cr\u00e9dito: Raul Baretta\/Santos FC) O elenco do Santos iniciou oficialmente o per\u00edodo de f\u00e9rias ap\u00f3s a vit\u00f3ria por 3 a 0 sobre o Cruzeiro, no \u00faltimo domingo, na Vila Belmiro, resultado que confirmou a perman\u00eancia do clube na S\u00e9rie A. Jogadores e comiss\u00e3o t\u00e9cnica agora ter\u00e3o um intervalo programado [&hellip;]<\/p>\n","protected":false},"author":5,"featured_media":56711,"comment_status":"open","ping_status":"open","sticky":false,"template":"","format":"standard","meta":{"_seopress_robots_primary_cat":"","_seopress_titles_title":"","_seopress_titles_desc":"","_seopress_robots_index":"","footnotes":""},"categories":[55],"tags":[],"class_list":["post-56710","post","type-post","status-publish","format-standard","has-post-thumbnail","hentry","category-santos-fc"],"_links":{"self":[{"href":"https:\/\/mussicom.com\/noticias\/wp-json\/wp\/v2\/posts\/56710","targetHints":{"allow":["GET"]}}],"collection":[{"href":"https:\/\/mussicom.com\/noticias\/wp-json\/wp\/v2\/posts"}],"about":[{"href":"https:\/\/mussicom.com\/noticias\/wp-json\/wp\/v2\/types\/post"}],"author":[{"embeddable":true,"href":"https:\/\/mussicom.com\/noticias\/wp-json\/wp\/v2\/users\/5"}],"replies":[{"embeddable":true,"href":"https:\/\/mussicom.com\/noticias\/wp-json\/wp\/v2\/comments?post=56710"}],"version-history":[{"count":0,"href":"https:\/\/mussicom.com\/noticias\/wp-json\/wp\/v2\/posts\/56710\/revisions"}],"wp:featuredmedia":[{"embeddable":true,"href":"https:\/\/mussicom.com\/noticias\/wp-json\/wp\/v2\/media\/56711"}],"wp:attachment":[{"href":"https:\/\/mussicom.com\/noticias\/wp-json\/wp\/v2\/media?parent=56710"}],"wp:term":[{"taxonomy":"category","embeddable":true,"href":"https:\/\/mussicom.com\/noticias\/wp-json\/wp\/v2\/categories?post=56710"},{"taxonomy":"post_tag","embeddable":true,"href":"https:\/\/mussicom.com\/noticias\/wp-json\/wp\/v2\/tags?post=56710"}],"curies":[{"name":"wp","href":"https:\/\/api.w.org\/{rel}","templated":true}]}}