{"id":56696,"date":"2025-12-10T15:50:15","date_gmt":"2025-12-10T18:50:15","guid":{"rendered":"https:\/\/mussicom.com\/vacinacao-reduz-internacoes-por-doencas-causadas-pelo-hpv-diz-estudo\/"},"modified":"2025-12-10T15:50:15","modified_gmt":"2025-12-10T18:50:15","slug":"vacinacao-reduz-internacoes-por-doencas-causadas-pelo-hpv-diz-estudo","status":"publish","type":"post","link":"https:\/\/mussicom.com\/noticias\/vacinacao-reduz-internacoes-por-doencas-causadas-pelo-hpv-diz-estudo\/","title":{"rendered":"Vacina\u00e7\u00e3o reduz interna\u00e7\u00f5es por doen\u00e7as causadas pelo HPV, diz estudo"},"content":{"rendered":"<p> <br \/>\n<\/p>\n<div>\n<p><strong>Mais uma evid\u00eancia dos benef\u00edcios da vacina contra o <em>Papilomav\u00edrus Humano<\/em> (HPV) foi identificada durante \u00a0pesquisa. Ap\u00f3s a implementa\u00e7\u00e3o da vacina contra o HPV no Sistema \u00danico de Sa\u00fade, em 2014, houve uma queda expressiva nas\u00a0interna\u00e7\u00f5es por duas doen\u00e7as causadas pelo v\u00edrus: as verrugas anogenitais e a neoplasia intraepitelial cervical, doen\u00e7a precursora do c\u00e2ncer de colo de \u00fatero.\u00a0<\/strong><img decoding=\"async\" src=\"https:\/\/agenciabrasil.ebc.com.br\/ebc.gif?id=1671668&amp;o=node\" style=\"width:1px; height:1px; display:inline;\"\/><\/p>\n<p>O estudo analisou a taxa de hospitaliza\u00e7\u00f5es de adolescentes e jovens &#8211; com idades de 15 a 19 anos &#8211; e comparou os dados do per\u00edodo pr\u00e9-vacinal com o per\u00edodo ap\u00f3s a introdu\u00e7\u00e3o da vacina, utilizando os registros do Sistema de Informa\u00e7\u00f5es Hospitalares.<\/p>\n<p><strong>No caso de meninas, houve uma diminui\u00e7\u00e3o de 66% nas interna\u00e7\u00f5es por neoplasia intraepitelial cervical de alto grau; e de 77% nas hospitaliza\u00e7\u00f5es por verrugas anogenitais, quando comparados os n\u00fameros de 2014 e 2019.\u00a0<\/strong><\/p>\n<p>Como os meninos s\u00f3 come\u00e7aram a ser vacinados em 2017, a compara\u00e7\u00e3o foi feita entre este ano e 2019, mas tamb\u00e9m mostrou queda de 50,9% nas hospitaliza\u00e7\u00f5es por verrugas anogenitais.<\/p>\n<p>A pesquisa foi realizada pela empresa farmac\u00eautica MSD e os resultados publicados na revista <em>Human Vaccines and Immunotherapeutics<\/em><em>.<\/em><\/p>\n<p>Segundo Cintia Parellada, diretora executiva de Pesquisa de Dados de Mundo Real Latam da MSD e l\u00edder do estudo,\u00a0a redu\u00e7\u00e3o das doen\u00e7as causadas pelo HPV por causa da vacina\u00e7\u00e3o \u00e9 um marco hist\u00f3rico na sa\u00fade p\u00fablica, mas, &#8220;para eliminar os c\u00e2nceres causados pelo v\u00edrus, al\u00e9m de manter a cobertura vacinal alta, tamb\u00e9m \u00e9 necess\u00e1rio ampliar o rastreamento e garantir tratamento adequado para todos os est\u00e1gios da doen\u00e7a&#8221;.<\/p>\n<p>Outra pesquisa recente &#8211; realizada pela Funda\u00e7\u00e3o Oswaldo Cruz &#8211; havia detectado redu\u00e7\u00e3o de 58% nos casos de c\u00e2ncer de colo de \u00fatero.<\/p>\n<p><strong>O HPV tamb\u00e9m pode causar outros tipos de c\u00e2ncer, como os de vulva, vagina, p\u00eanis, \u00e2nus\u00a0e orofaringe.\u00a0<\/strong><\/p>\n<h2>Cobertura vacinal\u00a0<\/h2>\n<p>A vacina contra o HPV \u00e9 disponibilizada gratuitamente pelo Sistema \u00danico de Sa\u00fade (SUS) para o p\u00fablico-alvo, crian\u00e7as e adolescentes de 9 a 14 anos, e tamb\u00e9m pessoas com HIV,\u00a0transplantadas e com c\u00e2ncer, usu\u00e1rios de PrEP (Profilaxia Pr\u00e9-Exposi\u00e7\u00e3o ao HIV) e pessoas com papilomatose respirat\u00f3ria recorrente. Desde 2024, a aplica\u00e7\u00e3o da vacina passou a ser em dose \u00fanica, substituindo o modelo de duas doses.\u00a0<\/p>\n<p><strong>Os n\u00fameros &#8211; atualizados em 2024 &#8211; mostram que, para as meninas, a ades\u00e3o \u00e0 vacina \u00e9 de 82,83% e para os meninos, \u00e9 de 67%, o que coloca o Brasil muito acima da m\u00e9dia global de 12% medida pela Organiza\u00e7\u00e3o Mundial da Sa\u00fade (OMS). Entretanto, a cobertura ainda est\u00e1 abaixo da meta de\u00a090%.<\/strong><\/p>\n<p><em>*Estagi\u00e1ria sob supervis\u00e3o de T\u00e2mara Freire<\/em><\/p>\n<p>      <!-- Relacionada --><\/p>\n<p>            <!-- Relacionada -->\n    <\/div>\n<p><br \/>\n<br \/>Fonte: <a href=\"https:\/\/agenciabrasil.ebc.com.br\/saude\/noticia\/2025-12\/vacinacao-reduz-internacoes-por-doencas-causadas-pelo-hpv-diz-estudo\">Ag\u00eancia Brasil<\/a><\/p>\n","protected":false},"excerpt":{"rendered":"<p>Mais uma evid\u00eancia dos benef\u00edcios da vacina contra o Papilomav\u00edrus Humano (HPV) foi identificada durante \u00a0pesquisa. Ap\u00f3s a implementa\u00e7\u00e3o da vacina contra o HPV no Sistema \u00danico de Sa\u00fade, em 2014, houve uma queda expressiva nas\u00a0interna\u00e7\u00f5es por duas doen\u00e7as causadas pelo v\u00edrus: as verrugas anogenitais e a neoplasia intraepitelial cervical, doen\u00e7a precursora do c\u00e2ncer de [&hellip;]<\/p>\n","protected":false},"author":5,"featured_media":56697,"comment_status":"open","ping_status":"open","sticky":false,"template":"","format":"standard","meta":{"_seopress_robots_primary_cat":"","_seopress_titles_title":"","_seopress_titles_desc":"","_seopress_robots_index":"","footnotes":""},"categories":[46],"tags":[],"class_list":["post-56696","post","type-post","status-publish","format-standard","has-post-thumbnail","hentry","category-saude"],"_links":{"self":[{"href":"https:\/\/mussicom.com\/noticias\/wp-json\/wp\/v2\/posts\/56696","targetHints":{"allow":["GET"]}}],"collection":[{"href":"https:\/\/mussicom.com\/noticias\/wp-json\/wp\/v2\/posts"}],"about":[{"href":"https:\/\/mussicom.com\/noticias\/wp-json\/wp\/v2\/types\/post"}],"author":[{"embeddable":true,"href":"https:\/\/mussicom.com\/noticias\/wp-json\/wp\/v2\/users\/5"}],"replies":[{"embeddable":true,"href":"https:\/\/mussicom.com\/noticias\/wp-json\/wp\/v2\/comments?post=56696"}],"version-history":[{"count":0,"href":"https:\/\/mussicom.com\/noticias\/wp-json\/wp\/v2\/posts\/56696\/revisions"}],"wp:featuredmedia":[{"embeddable":true,"href":"https:\/\/mussicom.com\/noticias\/wp-json\/wp\/v2\/media\/56697"}],"wp:attachment":[{"href":"https:\/\/mussicom.com\/noticias\/wp-json\/wp\/v2\/media?parent=56696"}],"wp:term":[{"taxonomy":"category","embeddable":true,"href":"https:\/\/mussicom.com\/noticias\/wp-json\/wp\/v2\/categories?post=56696"},{"taxonomy":"post_tag","embeddable":true,"href":"https:\/\/mussicom.com\/noticias\/wp-json\/wp\/v2\/tags?post=56696"}],"curies":[{"name":"wp","href":"https:\/\/api.w.org\/{rel}","templated":true}]}}