{"id":56589,"date":"2025-12-07T11:33:14","date_gmt":"2025-12-07T14:33:14","guid":{"rendered":"https:\/\/mussicom.com\/vacinacao-contra-virus-sincicial-imuniza-cerca-de-600-gestantes-em-sp\/"},"modified":"2025-12-07T11:33:14","modified_gmt":"2025-12-07T14:33:14","slug":"vacinacao-contra-virus-sincicial-imuniza-cerca-de-600-gestantes-em-sp","status":"publish","type":"post","link":"https:\/\/mussicom.com\/noticias\/vacinacao-contra-virus-sincicial-imuniza-cerca-de-600-gestantes-em-sp\/","title":{"rendered":"Vacina\u00e7\u00e3o contra v\u00edrus sincicial imuniza cerca de 600 gestantes em SP"},"content":{"rendered":"<p> <br \/>\n<\/p>\n<div>\n<p>No\u00a0primeiro dia de vacina\u00e7\u00e3o\u00a0contra o v\u00edrus sincicial respirat\u00f3rio (VSR) na capital paulista, nesse s\u00e1bado (6), foram imunizadas 624 gestantes, informou\u00a0a prefeitura.<img decoding=\"async\" src=\"https:\/\/agenciabrasil.ebc.com.br\/ebc.gif?id=1671151&amp;o=node\" style=\"width:1px; height:1px; display:inline;\"\/><\/p>\n<p><strong>O ciclo de imuniza\u00e7\u00e3o a partir das 28 semanas de gesta\u00e7\u00e3o tem como principais\u00a0alvos os beb\u00eas, que recebem os anticorpos diretamente das m\u00e3es, e\u00a0previne infec\u00e7\u00f5es graves causadas pelo VSR em beb\u00eas menores de 6 meses de idade.\u00a0<\/strong><\/p>\n<p>A implementa\u00e7\u00e3o dessa vacina \u00e9 muito importante para a sa\u00fade dos beb\u00eas menores de 6 meses. Vacinar a gestante garante a prote\u00e7\u00e3o dos rec\u00e9m-nascidos nos primeiros meses de vida, quando s\u00e3o mais vulner\u00e1veis e podem desenvolver formas graves da doen\u00e7a\u201d, destacou, em nota, a coordenadora de Vigil\u00e2ncia em Sa\u00fade, Mariana Ara\u00fajo.<\/p>\n<p><strong>O VSR \u00e9 respons\u00e1vel por cerca de 75% dos casos de bronquiolite e 40% dos casos de pneumonia em crian\u00e7as menores de dois anos, conforme dados do Minist\u00e9rio da Sa\u00fade.\u00a0<\/strong><\/p>\n<p>A partir desta segunda-feira (8), a imuniza\u00e7\u00e3o ocorrer\u00e1 em todas as unidades b\u00e1sicas de Sa\u00fade (UBSs), das 7h \u00e0s 19h. A disponibilidade da vacina pode ser consultada pela plataforma De Olho na Fila.<\/p>\n<p>Para se vacinar, a gestante precisa estar com documento de identifica\u00e7\u00e3o e comprovante de 28 semanas de gesta\u00e7\u00e3o, emitidos durante o acompanhamento pr\u00e9-natal.<\/p>\n<p>      <!-- Relacionada --><\/p>\n<p>            <!-- Relacionada -->\n    <\/div>\n<p><br \/>\n<br \/>Fonte: <a href=\"https:\/\/agenciabrasil.ebc.com.br\/saude\/noticia\/2025-12\/vacinacao-contra-virus-sincicial-imuniza-cerca-de-600-gestantes-em-sp\">Ag\u00eancia Brasil<\/a><\/p>\n","protected":false},"excerpt":{"rendered":"<p>No\u00a0primeiro dia de vacina\u00e7\u00e3o\u00a0contra o v\u00edrus sincicial respirat\u00f3rio (VSR) na capital paulista, nesse s\u00e1bado (6), foram imunizadas 624 gestantes, informou\u00a0a prefeitura. O ciclo de imuniza\u00e7\u00e3o a partir das 28 semanas de gesta\u00e7\u00e3o tem como principais\u00a0alvos os beb\u00eas, que recebem os anticorpos diretamente das m\u00e3es, e\u00a0previne infec\u00e7\u00f5es graves causadas pelo VSR em beb\u00eas menores de 6 [&hellip;]<\/p>\n","protected":false},"author":5,"featured_media":56590,"comment_status":"open","ping_status":"open","sticky":false,"template":"","format":"standard","meta":{"_seopress_robots_primary_cat":"","_seopress_titles_title":"","_seopress_titles_desc":"","_seopress_robots_index":"","footnotes":""},"categories":[46],"tags":[],"class_list":["post-56589","post","type-post","status-publish","format-standard","has-post-thumbnail","hentry","category-saude"],"_links":{"self":[{"href":"https:\/\/mussicom.com\/noticias\/wp-json\/wp\/v2\/posts\/56589","targetHints":{"allow":["GET"]}}],"collection":[{"href":"https:\/\/mussicom.com\/noticias\/wp-json\/wp\/v2\/posts"}],"about":[{"href":"https:\/\/mussicom.com\/noticias\/wp-json\/wp\/v2\/types\/post"}],"author":[{"embeddable":true,"href":"https:\/\/mussicom.com\/noticias\/wp-json\/wp\/v2\/users\/5"}],"replies":[{"embeddable":true,"href":"https:\/\/mussicom.com\/noticias\/wp-json\/wp\/v2\/comments?post=56589"}],"version-history":[{"count":0,"href":"https:\/\/mussicom.com\/noticias\/wp-json\/wp\/v2\/posts\/56589\/revisions"}],"wp:featuredmedia":[{"embeddable":true,"href":"https:\/\/mussicom.com\/noticias\/wp-json\/wp\/v2\/media\/56590"}],"wp:attachment":[{"href":"https:\/\/mussicom.com\/noticias\/wp-json\/wp\/v2\/media?parent=56589"}],"wp:term":[{"taxonomy":"category","embeddable":true,"href":"https:\/\/mussicom.com\/noticias\/wp-json\/wp\/v2\/categories?post=56589"},{"taxonomy":"post_tag","embeddable":true,"href":"https:\/\/mussicom.com\/noticias\/wp-json\/wp\/v2\/tags?post=56589"}],"curies":[{"name":"wp","href":"https:\/\/api.w.org\/{rel}","templated":true}]}}