{"id":56517,"date":"2025-12-05T13:02:28","date_gmt":"2025-12-05T16:02:28","guid":{"rendered":"https:\/\/mussicom.com\/sitio-conceicaozinha-sedia-o-festival-eco-comunidade-neste-sabado-no-guaruja\/"},"modified":"2025-12-05T13:02:28","modified_gmt":"2025-12-05T16:02:28","slug":"sitio-conceicaozinha-sedia-o-festival-eco-comunidade-neste-sabado-no-guaruja","status":"publish","type":"post","link":"https:\/\/mussicom.com\/noticias\/sitio-conceicaozinha-sedia-o-festival-eco-comunidade-neste-sabado-no-guaruja\/","title":{"rendered":"S\u00edtio Concei\u00e7\u00e3ozinha sedia o Festival Eco-Comunidade neste s\u00e1bado, no Guaruj\u00e1"},"content":{"rendered":"<p> <br \/>\n<\/p>\n<div><\/p>\n<div>O S\u00edtio Concei\u00e7\u00e3ozinha, no Guaruj\u00e1 (SP), recebe neste s\u00e1bado, dia 6 de dezembro, o Festival Eco-Comunidade \u2013 um encontro dedicado \u00e0 conex\u00e3o<\/div>\n<\/div>\n<p><br \/>\n<br \/>Fonte: <a href=\"https:\/\/jornaldaorla.com.br\/noticias\/sitio-conceicaozinha-sedia-o-festival-eco-comunidade-neste-sabado-no-guaruja\/\">Jornal Da Orla<\/a><\/p>\n","protected":false},"excerpt":{"rendered":"<p>O S\u00edtio Concei\u00e7\u00e3ozinha, no Guaruj\u00e1 (SP), recebe neste s\u00e1bado, dia 6 de dezembro, o Festival Eco-Comunidade \u2013 um encontro dedicado \u00e0 conex\u00e3o Fonte: Jornal Da Orla<\/p>\n","protected":false},"author":5,"featured_media":56518,"comment_status":"open","ping_status":"open","sticky":false,"template":"","format":"standard","meta":{"_seopress_robots_primary_cat":"","_seopress_titles_title":"","_seopress_titles_desc":"","_seopress_robots_index":"","footnotes":""},"categories":[52],"tags":[],"class_list":["post-56517","post","type-post","status-publish","format-standard","has-post-thumbnail","hentry","category-santoseregiao"],"_links":{"self":[{"href":"https:\/\/mussicom.com\/noticias\/wp-json\/wp\/v2\/posts\/56517","targetHints":{"allow":["GET"]}}],"collection":[{"href":"https:\/\/mussicom.com\/noticias\/wp-json\/wp\/v2\/posts"}],"about":[{"href":"https:\/\/mussicom.com\/noticias\/wp-json\/wp\/v2\/types\/post"}],"author":[{"embeddable":true,"href":"https:\/\/mussicom.com\/noticias\/wp-json\/wp\/v2\/users\/5"}],"replies":[{"embeddable":true,"href":"https:\/\/mussicom.com\/noticias\/wp-json\/wp\/v2\/comments?post=56517"}],"version-history":[{"count":0,"href":"https:\/\/mussicom.com\/noticias\/wp-json\/wp\/v2\/posts\/56517\/revisions"}],"wp:featuredmedia":[{"embeddable":true,"href":"https:\/\/mussicom.com\/noticias\/wp-json\/wp\/v2\/media\/56518"}],"wp:attachment":[{"href":"https:\/\/mussicom.com\/noticias\/wp-json\/wp\/v2\/media?parent=56517"}],"wp:term":[{"taxonomy":"category","embeddable":true,"href":"https:\/\/mussicom.com\/noticias\/wp-json\/wp\/v2\/categories?post=56517"},{"taxonomy":"post_tag","embeddable":true,"href":"https:\/\/mussicom.com\/noticias\/wp-json\/wp\/v2\/tags?post=56517"}],"curies":[{"name":"wp","href":"https:\/\/api.w.org\/{rel}","templated":true}]}}