{"id":56501,"date":"2025-12-04T21:43:30","date_gmt":"2025-12-05T00:43:30","guid":{"rendered":"https:\/\/mussicom.com\/cob-abre-votacao-popular-para-escolha-do-atleta-da-galera\/"},"modified":"2025-12-04T21:43:30","modified_gmt":"2025-12-05T00:43:30","slug":"cob-abre-votacao-popular-para-escolha-do-atleta-da-galera","status":"publish","type":"post","link":"https:\/\/mussicom.com\/noticias\/cob-abre-votacao-popular-para-escolha-do-atleta-da-galera\/","title":{"rendered":"COB abre vota\u00e7\u00e3o popular para escolha do Atleta da Galera"},"content":{"rendered":"<p> <br \/>\n<\/p>\n<div>\n<p>O Comit\u00ea Paral\u00edmpico Brasileiro abriu a vota\u00e7\u00e3o popular para a escolha da categoria Atleta da Galera da 14\u00aa edi\u00e7\u00e3o do Pr\u00eamio Brasil Paral\u00edmpico. O vencedor ser\u00e1 anunciado na pr\u00f3xima ter\u00e7a-feira (9), em cerim\u00f4nia que ser\u00e1 realizada a partir das 20h (hor\u00e1rio de Bras\u00edlia) no Tokio Marine Hall, na capital paulista.<img decoding=\"async\" src=\"https:\/\/agenciabrasil.ebc.com.br\/ebc.gif?id=1670968&amp;o=node\" style=\"width:1px; height:1px; display:inline;\"\/><\/p>\n<p>As concorrentes deste ano s\u00e3o: Alessandra Oliveira (nata\u00e7\u00e3o), Ana Paula Marques (halterofilismo), Edwarda Dias (badminton), Ver\u00f4nica Hip\u00f3lito (atletismo), Sabrina Cust\u00f3dia (ciclismo) e Wanna Brito (atletismo).<\/p>\n<blockquote class=\"twitter-tweet\">\n<p dir=\"ltr\" lang=\"pt\" xml:lang=\"pt\">Quem leva o trof\u00e9u? A escolha \u00e9 sua! \ud83d\ude0e<\/p>\n<p>A vota\u00e7\u00e3o do Atleta da Galera 2025 est\u00e1 oficialmente aberta, e as indicadas s\u00e3o:<\/p>\n<p>\ud83c\udfc6 Alessandra Oliveira<br \/>\ud83c\udfc6 Ana Paula Marques<br \/>\ud83c\udfc6 Edwarda Oliveira<br \/>\ud83c\udfc6 Sabrina Cust\u00f3dia<br \/>\ud83c\udfc6 Ver\u00f4nica Hip\u00f3lito<br \/>\ud83c\udfc6 Wanna Brito<\/p>\n<p>Acesse o link na bio, conhe\u00e7a mais\u2026 <a href=\"https:\/\/t.co\/1db9PZMqDs\">pic.twitter.com\/1db9PZMqDs<\/a><\/p>\n<p>\u2014 Comit\u00ea Paral\u00edmpico Brasileiro (@BraParalimpico) <a href=\"https:\/\/twitter.com\/BraParalimpico\/status\/1995913423805112501?ref_src=twsrc%5Etfw\">December 2, 2025<\/a><\/p><\/blockquote>\n<p>A vota\u00e7\u00e3o para Atleta da Galera \u00e9 realizada pela internet, por meio deste LINK disponibilizado pelo Comit\u00ea Paral\u00edmpico Brasileiro (CPB).<\/p>\n<p>Assim como no ano passado, o Pr\u00eamio Brasil Paral\u00edmpico ser\u00e1 realizado em uma \u00fanica noite. Al\u00e9m do Atleta da Galera ser\u00e3o anunciados os vencedores de cada uma das 25 modalidades que comp\u00f5em o cronograma paral\u00edmpico. Al\u00e9m disso ser\u00e3o revelados os vencedores das categorias especiais: melhor t\u00e9cnico coletivo, melhor t\u00e9cnico individual, atleta revela\u00e7\u00e3o, Aldo Miccolis, mem\u00f3ria paral\u00edmpica, pr\u00eamio Loterias Caixa, pr\u00eamio Braskem, melhor atleta feminina e melhor atleta masculino.<\/p>\n<p>      <!-- Relacionada --><\/p>\n<p>            <!-- Relacionada -->\n    <\/div>\n<p><script async src=\"\/\/platform.twitter.com\/widgets.js\" charset=\"utf-8\"><\/script><br \/>\n<br \/><br \/>\n<br \/>Fonte: <a href=\"https:\/\/agenciabrasil.ebc.com.br\/esportes\/noticia\/2025-12\/cob-abre-votacao-popular-para-escolha-do-atleta-da-galera\">Ag\u00eancia Brasil<\/a><\/p>\n","protected":false},"excerpt":{"rendered":"<p>O Comit\u00ea Paral\u00edmpico Brasileiro abriu a vota\u00e7\u00e3o popular para a escolha da categoria Atleta da Galera da 14\u00aa edi\u00e7\u00e3o do Pr\u00eamio Brasil Paral\u00edmpico. O vencedor ser\u00e1 anunciado na pr\u00f3xima ter\u00e7a-feira (9), em cerim\u00f4nia que ser\u00e1 realizada a partir das 20h (hor\u00e1rio de Bras\u00edlia) no Tokio Marine Hall, na capital paulista. As concorrentes deste ano s\u00e3o: [&hellip;]<\/p>\n","protected":false},"author":5,"featured_media":56502,"comment_status":"open","ping_status":"open","sticky":false,"template":"","format":"standard","meta":{"_seopress_robots_primary_cat":"","_seopress_titles_title":"","_seopress_titles_desc":"","_seopress_robots_index":"","footnotes":""},"categories":[40],"tags":[],"class_list":["post-56501","post","type-post","status-publish","format-standard","has-post-thumbnail","hentry","category-esportes"],"_links":{"self":[{"href":"https:\/\/mussicom.com\/noticias\/wp-json\/wp\/v2\/posts\/56501","targetHints":{"allow":["GET"]}}],"collection":[{"href":"https:\/\/mussicom.com\/noticias\/wp-json\/wp\/v2\/posts"}],"about":[{"href":"https:\/\/mussicom.com\/noticias\/wp-json\/wp\/v2\/types\/post"}],"author":[{"embeddable":true,"href":"https:\/\/mussicom.com\/noticias\/wp-json\/wp\/v2\/users\/5"}],"replies":[{"embeddable":true,"href":"https:\/\/mussicom.com\/noticias\/wp-json\/wp\/v2\/comments?post=56501"}],"version-history":[{"count":0,"href":"https:\/\/mussicom.com\/noticias\/wp-json\/wp\/v2\/posts\/56501\/revisions"}],"wp:featuredmedia":[{"embeddable":true,"href":"https:\/\/mussicom.com\/noticias\/wp-json\/wp\/v2\/media\/56502"}],"wp:attachment":[{"href":"https:\/\/mussicom.com\/noticias\/wp-json\/wp\/v2\/media?parent=56501"}],"wp:term":[{"taxonomy":"category","embeddable":true,"href":"https:\/\/mussicom.com\/noticias\/wp-json\/wp\/v2\/categories?post=56501"},{"taxonomy":"post_tag","embeddable":true,"href":"https:\/\/mussicom.com\/noticias\/wp-json\/wp\/v2\/tags?post=56501"}],"curies":[{"name":"wp","href":"https:\/\/api.w.org\/{rel}","templated":true}]}}