{"id":56449,"date":"2025-12-03T21:07:13","date_gmt":"2025-12-04T00:07:13","guid":{"rendered":"https:\/\/mussicom.com\/beneficiarias-recebem-mensagens-sobre-retirada-de-absorventes-no-sus\/"},"modified":"2025-12-03T21:07:13","modified_gmt":"2025-12-04T00:07:13","slug":"beneficiarias-recebem-mensagens-sobre-retirada-de-absorventes-no-sus","status":"publish","type":"post","link":"https:\/\/mussicom.com\/noticias\/beneficiarias-recebem-mensagens-sobre-retirada-de-absorventes-no-sus\/","title":{"rendered":"Benefici\u00e1rias recebem mensagens sobre retirada de absorventes no SUS"},"content":{"rendered":"<p> <br \/>\n<\/p>\n<div>\n<p><strong>Catorze milh\u00f5es de meninas e mulheres receberam, ao longo da \u00faltima semana, mensagens personalizadas pela Caixa Postal da plataforma Gov.br\u00a0e WhatsApp com orienta\u00e7\u00f5es sobre a retirada gratuita de absorventes higi\u00eanicos no Sistema \u00danico de Sa\u00fade (SUS), pelo Programa de Promo\u00e7\u00e3o e Prote\u00e7\u00e3o da Sa\u00fade e da Dignidade Menstrual\u00a0do Minist\u00e9rio da Sa\u00fade.<\/strong><img decoding=\"async\" src=\"https:\/\/agenciabrasil.ebc.com.br\/ebc.gif?id=1670727&amp;o=node\" style=\"width:1px; height:1px; display:inline;\"\/><\/p>\n<p>O programa garante a distribui\u00e7\u00e3o gratuita e continuada de absorventes higi\u00eanicos a milh\u00f5es de pessoas que n\u00e3o t\u00eam acesso a esse item durante o ciclo menstrual.<\/p>\n<h2>Quem tem direito<\/h2>\n<p><strong>O programa visa a enfrentar a pobreza menstrual no pa\u00eds e \u00e9 destinado \u00e0s pessoas com idade entre 10 e 49 anos\u00a0que n\u00e3o t\u00eam acesso ao item de higiene \u00edntima.<\/strong><\/p>\n<p>Necessariamente, as benefici\u00e1rias devem estar devidamente<strong> inscritas no Cad\u00danico e ter\u00a0renda mensal de at\u00e9 R$ 218, ser estudante de baixa renda da rede p\u00fablica ou estar em situa\u00e7\u00e3o de rua<\/strong>.<\/p>\n<p>Desde outubro, as adolescentes entre 12 e 16 anos de idade tamb\u00e9m podem retirar os absorventes sem a necessidade de acompanhamento dos pais ou respons\u00e1veis.<\/p>\n<h2>Mensagens enviadas<\/h2>\n<p>A iniciativa de encaminhamento das mensagens \u00e9 fruto de uma <strong>parceria do Minist\u00e9rio da Gest\u00e3o e da Inova\u00e7\u00e3o em Servi\u00e7os P\u00fablicos (MGI) com o Minist\u00e9rio da Sa\u00fade (MS).<\/strong><\/p>\n<p>A ministra da Gest\u00e3o, Esther Dweck, aponta que receber mensagens personalizadas com informa\u00e7\u00f5es pr\u00e1ticas sobre sa\u00fade, pode garantir o acesso de pessoas em vulnerabilidade aos cuidados necess\u00e1rios para o seu dia a dia.<\/p>\n<p>\u201cNo passado, essas pessoas poderiam deixar de estudar ou trabalhar por n\u00e3o ter acesso a absorventes, que agora \u00e9 um direito delas\u201d, destacou\u00a0Esther Dweck.<\/p>\n<h2>Autoriza\u00e7\u00e3o para retirada<\/h2>\n<p>Na mensagem enviada, <strong>o governo federal explica como essas pessoas em situa\u00e7\u00e3o de vulnerabilidade podem emitir, na unidade b\u00e1sica de sa\u00fade (UBS) mais pr\u00f3xima, a autoriza\u00e7\u00e3o para retirada de gra\u00e7a dos absorventes em uma farm\u00e1cia popular.<\/strong><\/p>\n<p>A nova modalidade de acesso \u00e0 autoriza\u00e7\u00e3o de retirada dos absorventes menstruais se soma ao <em>site<\/em> e ao aplicativo Meu SUS Digital (iOS ou Android), com <em>login<\/em> \u00fanico e senha da plataforma Gov.br.<\/p>\n<p><strong>\u00a0Esse documento de autoriza\u00e7\u00e3o tem validade de 180 dias.<\/strong><\/p>\n<p>Al\u00e9m de ter cadastro ativo no Cad\u00danico, no limite da renda mensal estabelecida, basta a usu\u00e1ria ter um documento de identifica\u00e7\u00e3o oficial com foto.<\/p>\n<p>Em seguida \u00e0 emiss\u00e3o da autoriza\u00e7\u00e3o, a pessoa beneficiada pela pol\u00edtica p\u00fablica deve procurar qualquer unidade credenciada do Programa Farm\u00e1cia Popular do Brasil e \u201cAutoriza\u00e7\u00e3o do Programa Dignidade Menstrual\u201d, dispon\u00edvel no aplicativo Meu SUS Digital, no pr\u00f3prio celular ou impressa. Assim, poder\u00e1 retirar os pacotes de absorventes.<\/p>\n<h2>Dignidade menstrual<\/h2>\n<p>O Programa de Promo\u00e7\u00e3o e Prote\u00e7\u00e3o da Sa\u00fade e da Dignidade Menstrual \u00e9 uma iniciativa do governo federal e tem o objetivo de promover equidade de g\u00eanero, justi\u00e7a social e garantia de direitos para meninas e mulheres.<\/p>\n<p>Criado em 2024, o Programa Dignidade Menstrual j\u00e1 beneficia 3,7 milh\u00f5es de pessoas com a distribui\u00e7\u00e3o gratuita de 392 milh\u00f5es de absorventes higi\u00eanicos, em um investimento superior a R$ 195 milh\u00f5es.<\/p>\n<h2>Capacita\u00e7\u00e3o<\/h2>\n<p>Nas unidades b\u00e1sicas de sa\u00fade trabalham m\u00e9dicos, enfermeiros, t\u00e9cnicos de enfermagem e agentes comunit\u00e1rios de sa\u00fade. Qualquer profissional que trabalha em uma UBS poder\u00e1 identificar as pessoas eleg\u00edveis e gerar a autoriza\u00e7\u00e3o direta nos sistemas internos e-SUS e no e-Gestor APS (aten\u00e7\u00e3o prim\u00e1ria \u00e0 sa\u00fade) para que as benefici\u00e1rias recebam gratuitamente os absorventes, depois, em uma farm\u00e1cia credenciada.<\/p>\n<p>Al\u00e9m disso, o governo tem desenvolvido um trabalho de educa\u00e7\u00e3o em sa\u00fade menstrual para agentes p\u00fablicos, profissionais de sa\u00fade e toda a popula\u00e7\u00e3o, a fim de combater os estigmas e a desinforma\u00e7\u00e3o sobre o ciclo menstrual.<\/p>\n<p><strong>&gt;&gt;\u00a0Saiba mais sobre o programa.<\/strong><\/p>\n<p>      <!-- Relacionada --><\/p>\n<p>            <!-- Relacionada -->\n    <\/div>\n<p><br \/>\n<br \/>Fonte: <a href=\"https:\/\/agenciabrasil.ebc.com.br\/saude\/noticia\/2025-12\/beneficiarias-recebem-mensagens-sobre-retirada-gratuita-de-absorventes\">Ag\u00eancia Brasil<\/a><\/p>\n","protected":false},"excerpt":{"rendered":"<p>Catorze milh\u00f5es de meninas e mulheres receberam, ao longo da \u00faltima semana, mensagens personalizadas pela Caixa Postal da plataforma Gov.br\u00a0e WhatsApp com orienta\u00e7\u00f5es sobre a retirada gratuita de absorventes higi\u00eanicos no Sistema \u00danico de Sa\u00fade (SUS), pelo Programa de Promo\u00e7\u00e3o e Prote\u00e7\u00e3o da Sa\u00fade e da Dignidade Menstrual\u00a0do Minist\u00e9rio da Sa\u00fade. O programa garante a [&hellip;]<\/p>\n","protected":false},"author":5,"featured_media":56450,"comment_status":"open","ping_status":"open","sticky":false,"template":"","format":"standard","meta":{"_seopress_robots_primary_cat":"","_seopress_titles_title":"","_seopress_titles_desc":"","_seopress_robots_index":"","footnotes":""},"categories":[46],"tags":[],"class_list":["post-56449","post","type-post","status-publish","format-standard","has-post-thumbnail","hentry","category-saude"],"_links":{"self":[{"href":"https:\/\/mussicom.com\/noticias\/wp-json\/wp\/v2\/posts\/56449","targetHints":{"allow":["GET"]}}],"collection":[{"href":"https:\/\/mussicom.com\/noticias\/wp-json\/wp\/v2\/posts"}],"about":[{"href":"https:\/\/mussicom.com\/noticias\/wp-json\/wp\/v2\/types\/post"}],"author":[{"embeddable":true,"href":"https:\/\/mussicom.com\/noticias\/wp-json\/wp\/v2\/users\/5"}],"replies":[{"embeddable":true,"href":"https:\/\/mussicom.com\/noticias\/wp-json\/wp\/v2\/comments?post=56449"}],"version-history":[{"count":0,"href":"https:\/\/mussicom.com\/noticias\/wp-json\/wp\/v2\/posts\/56449\/revisions"}],"wp:featuredmedia":[{"embeddable":true,"href":"https:\/\/mussicom.com\/noticias\/wp-json\/wp\/v2\/media\/56450"}],"wp:attachment":[{"href":"https:\/\/mussicom.com\/noticias\/wp-json\/wp\/v2\/media?parent=56449"}],"wp:term":[{"taxonomy":"category","embeddable":true,"href":"https:\/\/mussicom.com\/noticias\/wp-json\/wp\/v2\/categories?post=56449"},{"taxonomy":"post_tag","embeddable":true,"href":"https:\/\/mussicom.com\/noticias\/wp-json\/wp\/v2\/tags?post=56449"}],"curies":[{"name":"wp","href":"https:\/\/api.w.org\/{rel}","templated":true}]}}