{"id":56413,"date":"2025-12-03T11:09:25","date_gmt":"2025-12-03T14:09:25","guid":{"rendered":"https:\/\/mussicom.com\/sindicato-de-caminhoneiros-da-regiao-e-contra-paralisacao-por-motivos-politicos\/"},"modified":"2025-12-03T11:09:25","modified_gmt":"2025-12-03T14:09:25","slug":"sindicato-de-caminhoneiros-da-regiao-e-contra-paralisacao-por-motivos-politicos","status":"publish","type":"post","link":"https:\/\/mussicom.com\/noticias\/sindicato-de-caminhoneiros-da-regiao-e-contra-paralisacao-por-motivos-politicos\/","title":{"rendered":"Sindicato de caminhoneiros da regi\u00e3o \u00e9 contra paralisa\u00e7\u00e3o por &quot;motivos politicos&quot;"},"content":{"rendered":"<p> <br \/>\n<\/p>\n<div><\/p>\n<div>Com mais de 5 mil associados, o Sindicato dos Transportadores Rodovi\u00e1rios Aut\u00f4nomos de Bens da Baixada Santista e Vale do Ribeira (Sindicam) nega apoio e refuta qualquer movimento de paralisa\u00e7\u00e3o de caminhoneiros que estaria sendo preparado para esta quinta-feira (4). A garantia foi dada por Romero Costa, diretor financeiro da entidade, em raz\u00e3o de informa\u00e7\u00f5es divulgadas por \u201cmeia d\u00fazia de caminhoneiros, sem ouvir a categoria\u201d, em redes sociais.<\/div>\n<\/div>\n<p><br \/>\n<br \/>Fonte: <a href=\"https:\/\/jornaldaorla.com.br\/noticias\/sindicato-de-caminhoneiros-da-regiao-e-contra-paralisacao-por-motivos-politicos\/\">Jornal Da Orla<\/a><\/p>\n","protected":false},"excerpt":{"rendered":"<p>Com mais de 5 mil associados, o Sindicato dos Transportadores Rodovi\u00e1rios Aut\u00f4nomos de Bens da Baixada Santista e Vale do Ribeira (Sindicam) nega apoio e refuta qualquer movimento de paralisa\u00e7\u00e3o de caminhoneiros que estaria sendo preparado para esta quinta-feira (4). A garantia foi dada por Romero Costa, diretor financeiro da entidade, em raz\u00e3o de informa\u00e7\u00f5es [&hellip;]<\/p>\n","protected":false},"author":5,"featured_media":56414,"comment_status":"open","ping_status":"open","sticky":false,"template":"","format":"standard","meta":{"_seopress_robots_primary_cat":"","_seopress_titles_title":"","_seopress_titles_desc":"","_seopress_robots_index":"","footnotes":""},"categories":[52],"tags":[],"class_list":["post-56413","post","type-post","status-publish","format-standard","has-post-thumbnail","hentry","category-santoseregiao"],"_links":{"self":[{"href":"https:\/\/mussicom.com\/noticias\/wp-json\/wp\/v2\/posts\/56413","targetHints":{"allow":["GET"]}}],"collection":[{"href":"https:\/\/mussicom.com\/noticias\/wp-json\/wp\/v2\/posts"}],"about":[{"href":"https:\/\/mussicom.com\/noticias\/wp-json\/wp\/v2\/types\/post"}],"author":[{"embeddable":true,"href":"https:\/\/mussicom.com\/noticias\/wp-json\/wp\/v2\/users\/5"}],"replies":[{"embeddable":true,"href":"https:\/\/mussicom.com\/noticias\/wp-json\/wp\/v2\/comments?post=56413"}],"version-history":[{"count":0,"href":"https:\/\/mussicom.com\/noticias\/wp-json\/wp\/v2\/posts\/56413\/revisions"}],"wp:featuredmedia":[{"embeddable":true,"href":"https:\/\/mussicom.com\/noticias\/wp-json\/wp\/v2\/media\/56414"}],"wp:attachment":[{"href":"https:\/\/mussicom.com\/noticias\/wp-json\/wp\/v2\/media?parent=56413"}],"wp:term":[{"taxonomy":"category","embeddable":true,"href":"https:\/\/mussicom.com\/noticias\/wp-json\/wp\/v2\/categories?post=56413"},{"taxonomy":"post_tag","embeddable":true,"href":"https:\/\/mussicom.com\/noticias\/wp-json\/wp\/v2\/tags?post=56413"}],"curies":[{"name":"wp","href":"https:\/\/api.w.org\/{rel}","templated":true}]}}