{"id":56403,"date":"2025-12-03T01:31:13","date_gmt":"2025-12-03T04:31:13","guid":{"rendered":"https:\/\/mussicom.com\/mirassol-faz-historia-com-vaga-direta-para-copa-libertadores\/"},"modified":"2025-12-03T01:31:13","modified_gmt":"2025-12-03T04:31:13","slug":"mirassol-faz-historia-com-vaga-direta-para-copa-libertadores","status":"publish","type":"post","link":"https:\/\/mussicom.com\/noticias\/mirassol-faz-historia-com-vaga-direta-para-copa-libertadores\/","title":{"rendered":"Mirassol faz hist\u00f3ria com vaga direta para Copa Libertadores"},"content":{"rendered":"<p> <br \/>\n<\/p>\n<div>\n<p>O Mirassol fez hist\u00f3ria nesta ter\u00e7a-feira (2) no Campeonato Brasileiro. Com a vit\u00f3ria de 2 a 0 sobre o Vasco em pleno est\u00e1dio de S\u00e3o Janu\u00e1rio, o Le\u00e3o da Alta se tornou o primeiro estreante da S\u00e9rie A a garantir uma vaga na fase de grupos da Copa Libertadores.<img decoding=\"async\" src=\"https:\/\/agenciabrasil.ebc.com.br\/ebc.gif?id=1670520&amp;o=node\" style=\"width:1px; height:1px; display:inline;\"\/><\/p>\n<blockquote class=\"twitter-tweet\">\n<p dir=\"ltr\" lang=\"es\" xml:lang=\"es\">LIBERTADOREEEEEEEEEEEES <a href=\"https:\/\/t.co\/oXNekL7JoD\">pic.twitter.com\/oXNekL7JoD<\/a><\/p>\n<p>\u2014 Mirassol (@mirassolfc) <a href=\"https:\/\/twitter.com\/mirassolfc\/status\/1996009686085009851?ref_src=twsrc%5Etfw\">December 3, 2025<\/a><\/p><\/blockquote>\n<p>Gra\u00e7as ao triunfo sobre o Cruzmaltino, o Mirassol chegou aos 66 pontos quando falta apenas mais uma rodada para o final da competi\u00e7\u00e3o, e garantiu no m\u00ednimo a quarta posi\u00e7\u00e3o, o que lhe confere uma vaga direta para a competi\u00e7\u00e3o de clubes mais importante do continente.<\/p>\n<p>Esta n\u00e3o \u00e9 a primeira vez que um estreante da S\u00e9rie A do Brasileiro se classifica para uma competi\u00e7\u00e3o internacional no ano da estreia na competi\u00e7\u00e3o nacional (Gr\u00eamio Barueri, em 2009, e Cuiab\u00e1, em 2021, chegaram \u00e0 Copa Sul-Americana). Por\u00e9m, \u00e9 a primeira vez que um estreante se garante na Libertadores.<\/p>\n<h2>Vit\u00f3ria sobre o Vasco<\/h2>\n<p>Atuando fora de casa, a equipe comandada por Rafael Guanaes apostou nas transi\u00e7\u00f5es r\u00e1pidas para agredir o Vasco de Fernando Diniz. J\u00e1 o Cruzmaltino, que tinha a troca de passes como seu principal fundamento de jogo, encontrava dificuldades para abrir espa\u00e7os na bem postada defesa do Le\u00e3o.<\/p>\n<p>Desta forma, o Mirassol s\u00f3 conseguiu assegurar a vit\u00f3ria na etapa final, quando passou a se sobrepor fisicamente a seu advers\u00e1rio. Aos 24 minutos, Renato Marques abriu o placar. E, j\u00e1 nos acr\u00e9scimos, Carlos Eduardo driblou L\u00e9o Jardim antes de bater para o gol vazio e dar n\u00fameros finais ao marcador.<\/p>\n<h2>Soteldo decisivo<\/h2>\n<p>No duelo entre tricolores em Porto Alegre, o Fluminense contou com dois gols do venezuelano Soteldo para derrotar o Gr\u00eamio por 2 a 1, Andr\u00e9 descontou para a equipe da casa. Para a equipe das Laranjeiras o triunfo \u00e9 de grande import\u00e2ncia para ficar vivo na luta por uma vaga direta para a pr\u00f3xima edi\u00e7\u00e3o da Libertadores.<\/p>\n<blockquote class=\"twitter-tweet\">\n<p dir=\"ltr\" lang=\"pt\" xml:lang=\"pt\">VEEEEEEEEEEEEENCE O FLUMINEEEEEEEEEEEENSE!<\/p>\n<p>COM DOIS DE SOTELDO, O <a href=\"https:\/\/twitter.com\/hashtag\/TIMEDEGUERREIROS?src=hash&amp;ref_src=twsrc%5Etfw\">#TIMEDEGUERREIROS<\/a> DERROTA O GR\u00caMIO POR 2 A 1 NA ARENA!<\/p>\n<p>VAAAAAAAAMOS, TRICOLOREEEEEEEEESSSS! NEEEENSEEEEEEEE! \ud83c\udded\ud83c\uddfa\ud83c\udded\ud83c\uddfa\ud83c\udded\ud83c\uddfa <a href=\"https:\/\/t.co\/sPXaD2OpU3\">pic.twitter.com\/sPXaD2OpU3<\/a><\/p>\n<p>\u2014 Fluminense F.C. (@FluminenseFC) <a href=\"https:\/\/twitter.com\/FluminenseFC\/status\/1996045820182102120?ref_src=twsrc%5Etfw\">December 3, 2025<\/a><\/p><\/blockquote>\n<p>      <!-- Relacionada --><\/p>\n<p>            <!-- Relacionada -->\n    <\/div>\n<p><script async src=\"\/\/platform.twitter.com\/widgets.js\" charset=\"utf-8\"><\/script><br \/>\n<br \/><br \/>\n<br \/>Fonte: <a href=\"https:\/\/agenciabrasil.ebc.com.br\/esportes\/noticia\/2025-12\/mirassol-faz-historia-com-vaga-direta-para-copa-libertadores\">Ag\u00eancia Brasil<\/a><\/p>\n","protected":false},"excerpt":{"rendered":"<p>O Mirassol fez hist\u00f3ria nesta ter\u00e7a-feira (2) no Campeonato Brasileiro. Com a vit\u00f3ria de 2 a 0 sobre o Vasco em pleno est\u00e1dio de S\u00e3o Janu\u00e1rio, o Le\u00e3o da Alta se tornou o primeiro estreante da S\u00e9rie A a garantir uma vaga na fase de grupos da Copa Libertadores. LIBERTADOREEEEEEEEEEEES pic.twitter.com\/oXNekL7JoD \u2014 Mirassol (@mirassolfc) December [&hellip;]<\/p>\n","protected":false},"author":5,"featured_media":56404,"comment_status":"open","ping_status":"open","sticky":false,"template":"","format":"standard","meta":{"_seopress_robots_primary_cat":"","_seopress_titles_title":"","_seopress_titles_desc":"","_seopress_robots_index":"","footnotes":""},"categories":[40],"tags":[],"class_list":["post-56403","post","type-post","status-publish","format-standard","has-post-thumbnail","hentry","category-esportes"],"_links":{"self":[{"href":"https:\/\/mussicom.com\/noticias\/wp-json\/wp\/v2\/posts\/56403","targetHints":{"allow":["GET"]}}],"collection":[{"href":"https:\/\/mussicom.com\/noticias\/wp-json\/wp\/v2\/posts"}],"about":[{"href":"https:\/\/mussicom.com\/noticias\/wp-json\/wp\/v2\/types\/post"}],"author":[{"embeddable":true,"href":"https:\/\/mussicom.com\/noticias\/wp-json\/wp\/v2\/users\/5"}],"replies":[{"embeddable":true,"href":"https:\/\/mussicom.com\/noticias\/wp-json\/wp\/v2\/comments?post=56403"}],"version-history":[{"count":0,"href":"https:\/\/mussicom.com\/noticias\/wp-json\/wp\/v2\/posts\/56403\/revisions"}],"wp:featuredmedia":[{"embeddable":true,"href":"https:\/\/mussicom.com\/noticias\/wp-json\/wp\/v2\/media\/56404"}],"wp:attachment":[{"href":"https:\/\/mussicom.com\/noticias\/wp-json\/wp\/v2\/media?parent=56403"}],"wp:term":[{"taxonomy":"category","embeddable":true,"href":"https:\/\/mussicom.com\/noticias\/wp-json\/wp\/v2\/categories?post=56403"},{"taxonomy":"post_tag","embeddable":true,"href":"https:\/\/mussicom.com\/noticias\/wp-json\/wp\/v2\/tags?post=56403"}],"curies":[{"name":"wp","href":"https:\/\/api.w.org\/{rel}","templated":true}]}}