{"id":56331,"date":"2025-12-01T14:24:27","date_gmt":"2025-12-01T17:24:27","guid":{"rendered":"https:\/\/mussicom.com\/fuvest-divulga-lista-de-aprovados-e-locais-de-provas-para-2a-fase\/"},"modified":"2025-12-01T14:24:27","modified_gmt":"2025-12-01T17:24:27","slug":"fuvest-divulga-lista-de-aprovados-e-locais-de-provas-para-2a-fase","status":"publish","type":"post","link":"https:\/\/mussicom.com\/noticias\/fuvest-divulga-lista-de-aprovados-e-locais-de-provas-para-2a-fase\/","title":{"rendered":"Fuvest divulga lista de aprovados e locais de provas para 2\u00aa fase"},"content":{"rendered":"<p> <br \/>\n<\/p>\n<div>\n<p><strong>A lista de convocados e os locais de provas da segunda fase da Funda\u00e7\u00e3o para o Vestibular (Fuvest) foram divulgados nesta segunda-feira (1\u00ba)<\/strong>. Segundo o instituto, <strong>mais de 30 mil candidatos foram convocados para prosseguir no vestibular da Universidade de\u00a0S\u00e3o Paulo\u00a0(USP)<\/strong>.<img decoding=\"async\" src=\"https:\/\/agenciabrasil.ebc.com.br\/ebc.gif?id=1670290&amp;o=node\" style=\"width:1px; height:1px; display:inline;\"\/><\/p>\n<p>Acesse aqui a lista de aprovados.<\/p>\n<p>Veja aqui os locais das provas da segunda fase.<\/p>\n<p>A prova ser\u00e1 realizada em dois dias consecutivos: <strong>14 e 15 de dezembro<\/strong>. O exame ser\u00e1 aplicado em <strong>36 escolas<\/strong>, localizadas em 21 cidades, al\u00e9m da capital paulista.<\/p>\n<p><strong>No primeiro dia da prova, os vestibulandos ter\u00e3o que responder a 12 quest\u00f5es discursivas de portugu\u00eas<\/strong>, que incluem interpreta\u00e7\u00e3o de texto, gram\u00e1tica e literatura (que considera a lista obrigat\u00f3ria de obras).<\/p>\n<p>&gt;&gt; Siga o canal da <strong>Ag\u00eancia Brasil <\/strong>no WhatsApp<\/p>\n<p>Os participantes tamb\u00e9m ter\u00e3o que escrever uma <strong>reda\u00e7\u00e3o<\/strong>. Neste ano, \u00e9 poss\u00edvel escolher entre duas propostas: uma dissertativa-argumentativa ou uma de outro g\u00eanero textual, a ser apresentado no momento da prova.<\/p>\n<p><strong>O segundo dia ser\u00e1 reservado para 12 quest\u00f5es discursivas que contemplam o conte\u00fado de duas a quatro disciplinas espec\u00edficas da carreira escolhida<\/strong>. Para os cursos de exatas, ser\u00e1 cobrado conhecimento de matem\u00e1tica, f\u00edsica e qu\u00edmica. Para a carreira de humanas, de hist\u00f3ria e geografia. Por fim, para as \u00e1reas biol\u00f3gicas, de biologia e qu\u00edmica.<\/p>\n<p>\u201c\u00c9 importante o vestibulando estar atento ao local das provas, que pode n\u00e3o ser o mesmo da primeira fase\u201d, ressalta o diretor executivo da Fuvest, Gustavo Monaco. Para evitar atrasos no dia e estresse na chegada para as provas, o candidato deve conhecer com anteced\u00eancia o trajeto at\u00e9 o local onde far\u00e1 o exame.<\/p>\n<h2>Calend\u00e1rio do vestibular<\/h2>\n<ul>\n<li>Segunda Fase: 14 e 15\/12\/2025<\/li>\n<li>Provas de compet\u00eancias espec\u00edficas \u2013 M\u00fasica: 9 a 12\/12\/2025<\/li>\n<li>Provas de compet\u00eancias espec\u00edficas \u2013 Artes Visuais: 11\/12\/20205<\/li>\n<li>Prova de compet\u00eancias espec\u00edficas \u2013 Artes C\u00eanicas: 5 a 9\/1\/2026<\/li>\n<li>Primeira chamada: 23\/1\/2026<\/li>\n<\/ul>\n<p>      <!-- Relacionada --><\/p>\n<p>            <!-- Relacionada -->\n    <\/div>\n<p><br \/>\n<br \/>Fonte: <a href=\"https:\/\/agenciabrasil.ebc.com.br\/educacao\/noticia\/2025-12\/fuvest-divulga-lista-de-aprovados-e-locais-de-provas-para-2a-fase\">Ag\u00eancia Brasil<\/a><\/p>\n","protected":false},"excerpt":{"rendered":"<p>A lista de convocados e os locais de provas da segunda fase da Funda\u00e7\u00e3o para o Vestibular (Fuvest) foram divulgados nesta segunda-feira (1\u00ba). Segundo o instituto, mais de 30 mil candidatos foram convocados para prosseguir no vestibular da Universidade de\u00a0S\u00e3o Paulo\u00a0(USP). Acesse aqui a lista de aprovados. Veja aqui os locais das provas da segunda [&hellip;]<\/p>\n","protected":false},"author":5,"featured_media":56332,"comment_status":"open","ping_status":"open","sticky":false,"template":"","format":"standard","meta":{"_seopress_robots_primary_cat":"","_seopress_titles_title":"","_seopress_titles_desc":"","_seopress_robots_index":"","footnotes":""},"categories":[44],"tags":[],"class_list":["post-56331","post","type-post","status-publish","format-standard","has-post-thumbnail","hentry","category-educacao"],"_links":{"self":[{"href":"https:\/\/mussicom.com\/noticias\/wp-json\/wp\/v2\/posts\/56331","targetHints":{"allow":["GET"]}}],"collection":[{"href":"https:\/\/mussicom.com\/noticias\/wp-json\/wp\/v2\/posts"}],"about":[{"href":"https:\/\/mussicom.com\/noticias\/wp-json\/wp\/v2\/types\/post"}],"author":[{"embeddable":true,"href":"https:\/\/mussicom.com\/noticias\/wp-json\/wp\/v2\/users\/5"}],"replies":[{"embeddable":true,"href":"https:\/\/mussicom.com\/noticias\/wp-json\/wp\/v2\/comments?post=56331"}],"version-history":[{"count":0,"href":"https:\/\/mussicom.com\/noticias\/wp-json\/wp\/v2\/posts\/56331\/revisions"}],"wp:featuredmedia":[{"embeddable":true,"href":"https:\/\/mussicom.com\/noticias\/wp-json\/wp\/v2\/media\/56332"}],"wp:attachment":[{"href":"https:\/\/mussicom.com\/noticias\/wp-json\/wp\/v2\/media?parent=56331"}],"wp:term":[{"taxonomy":"category","embeddable":true,"href":"https:\/\/mussicom.com\/noticias\/wp-json\/wp\/v2\/categories?post=56331"},{"taxonomy":"post_tag","embeddable":true,"href":"https:\/\/mussicom.com\/noticias\/wp-json\/wp\/v2\/tags?post=56331"}],"curies":[{"name":"wp","href":"https:\/\/api.w.org\/{rel}","templated":true}]}}