{"id":56296,"date":"2025-11-30T17:05:15","date_gmt":"2025-11-30T20:05:15","guid":{"rendered":"https:\/\/mussicom.com\/vlt-no-centro-de-santos-comeca-a-operar-com-estacoes-incompletas\/"},"modified":"2025-11-30T17:05:15","modified_gmt":"2025-11-30T20:05:15","slug":"vlt-no-centro-de-santos-comeca-a-operar-com-estacoes-incompletas","status":"publish","type":"post","link":"https:\/\/mussicom.com\/noticias\/vlt-no-centro-de-santos-comeca-a-operar-com-estacoes-incompletas\/","title":{"rendered":"VLT no Centro de Santos come\u00e7a a operar com esta\u00e7\u00f5es incompletas"},"content":{"rendered":"<p> <br \/>\n<\/p>\n<div><\/p>\n<div>A Ag\u00eancia de Transporte do Estado (Artesp) e o Governo de S\u00e3o Paulo anunciam para esta segunda-feira, 1\u00ba de dezembro, o in\u00edcio da opera\u00e7\u00e3o do segundo trecho do Ve\u00edculo Leve sobre Trilhos (VLT), um trajeto de quase 9 km (ida e volta) entre as esta\u00e7\u00f5es Conselheiro N\u00e9bias e o Centro de Santos. A Artesp informou que a \u00b4largada` da primeira composi\u00e7\u00e3o ser\u00e1 \u00e0s 9 horas, na Rua Jo\u00e3o Pessoa (altura do 302), no Centro.<\/div>\n<\/div>\n<p><br \/>\n<br \/>Fonte: <a href=\"https:\/\/jornaldaorla.com.br\/noticias\/vlt-no-centro-de-santos-comeca-a-operar-com-estacoes-estao-incompletas\/\">Jornal Da Orla<\/a><\/p>\n","protected":false},"excerpt":{"rendered":"<p>A Ag\u00eancia de Transporte do Estado (Artesp) e o Governo de S\u00e3o Paulo anunciam para esta segunda-feira, 1\u00ba de dezembro, o in\u00edcio da opera\u00e7\u00e3o do segundo trecho do Ve\u00edculo Leve sobre Trilhos (VLT), um trajeto de quase 9 km (ida e volta) entre as esta\u00e7\u00f5es Conselheiro N\u00e9bias e o Centro de Santos. A Artesp informou [&hellip;]<\/p>\n","protected":false},"author":5,"featured_media":56297,"comment_status":"open","ping_status":"open","sticky":false,"template":"","format":"standard","meta":{"_seopress_robots_primary_cat":"","_seopress_titles_title":"","_seopress_titles_desc":"","_seopress_robots_index":"","footnotes":""},"categories":[52],"tags":[],"class_list":["post-56296","post","type-post","status-publish","format-standard","has-post-thumbnail","hentry","category-santoseregiao"],"_links":{"self":[{"href":"https:\/\/mussicom.com\/noticias\/wp-json\/wp\/v2\/posts\/56296","targetHints":{"allow":["GET"]}}],"collection":[{"href":"https:\/\/mussicom.com\/noticias\/wp-json\/wp\/v2\/posts"}],"about":[{"href":"https:\/\/mussicom.com\/noticias\/wp-json\/wp\/v2\/types\/post"}],"author":[{"embeddable":true,"href":"https:\/\/mussicom.com\/noticias\/wp-json\/wp\/v2\/users\/5"}],"replies":[{"embeddable":true,"href":"https:\/\/mussicom.com\/noticias\/wp-json\/wp\/v2\/comments?post=56296"}],"version-history":[{"count":0,"href":"https:\/\/mussicom.com\/noticias\/wp-json\/wp\/v2\/posts\/56296\/revisions"}],"wp:featuredmedia":[{"embeddable":true,"href":"https:\/\/mussicom.com\/noticias\/wp-json\/wp\/v2\/media\/56297"}],"wp:attachment":[{"href":"https:\/\/mussicom.com\/noticias\/wp-json\/wp\/v2\/media?parent=56296"}],"wp:term":[{"taxonomy":"category","embeddable":true,"href":"https:\/\/mussicom.com\/noticias\/wp-json\/wp\/v2\/categories?post=56296"},{"taxonomy":"post_tag","embeddable":true,"href":"https:\/\/mussicom.com\/noticias\/wp-json\/wp\/v2\/tags?post=56296"}],"curies":[{"name":"wp","href":"https:\/\/api.w.org\/{rel}","templated":true}]}}