{"id":56196,"date":"2025-11-28T16:13:16","date_gmt":"2025-11-28T19:13:16","guid":{"rendered":"https:\/\/mussicom.com\/belem-ananindeua-e-marituba-terao-aplicacao-do-enem-2025-no-domingo\/"},"modified":"2025-11-28T16:13:16","modified_gmt":"2025-11-28T19:13:16","slug":"belem-ananindeua-e-marituba-terao-aplicacao-do-enem-2025-no-domingo","status":"publish","type":"post","link":"https:\/\/mussicom.com\/noticias\/belem-ananindeua-e-marituba-terao-aplicacao-do-enem-2025-no-domingo\/","title":{"rendered":"Bel\u00e9m, Ananindeua e Marituba ter\u00e3o aplica\u00e7\u00e3o do Enem 2025 no domingo"},"content":{"rendered":"<p> <br \/>\n<\/p>\n<div>\n<p><strong>Os 95.784 inscritos no Exame Nacional do Ensino M\u00e9dio (Enem) de 2025 que vivem em\u00a0Bel\u00e9m, Ananindeua e Marituba, no Par\u00e1, far\u00e3o o primeiro dia de provas no pr\u00f3ximo\u00a0domingo (30). O adiamento em rela\u00e7\u00e3o ao restante do pa\u00eds foi devido \u00e0 realiza\u00e7\u00e3o da Confer\u00eancia das Na\u00e7\u00f5es Unidas sobre as Mudan\u00e7as Clim\u00e1ticas de 2025 (COP30), em Bel\u00e9m.<\/strong><img decoding=\"async\" src=\"https:\/\/agenciabrasil.ebc.com.br\/ebc.gif?id=1670126&amp;o=node\" style=\"width:1px; height:1px; display:inline;\"\/><\/p>\n<p>Do total de inscritos, 21.775 s\u00e3o concluintes do ensino m\u00e9dio.<\/p>\n<p>Bel\u00e9m concentra o maior n\u00famero de participantes, com 69.647. Em seguida, est\u00e1 Ananindeua, com 22.183. E Marituba registra 3.954. Os dados s\u00e3o do\u00a0Painel do Enem, dispon\u00edvel no portal do Instituto Nacional de Estudos e Pesquisas Educacionais An\u00edsio Teixeira (Inep), respons\u00e1vel pela realiza\u00e7\u00e3o do exame.<\/p>\n<h2>Cart\u00e3o de Confirma\u00e7\u00e3o<\/h2>\n<p>Os inscritos dos tr\u00eas munic\u00edpios devem verificar o local de prova acessando o Cart\u00e3o de Confirma\u00e7\u00e3o de Inscri\u00e7\u00e3o, dispon\u00edvel na P\u00e1gina do Participante, do Inep.<\/p>\n<p>O documento ainda informa o n\u00famero de inscri\u00e7\u00e3o, as datas e os hor\u00e1rios das provas, al\u00e9m de indicar se o participante tem direito a atendimento especializado ou ao uso do nome social, quando for o caso.<\/p>\n<h2>Procedimentos<\/h2>\n<p><strong>O Inep ressalta que todos os procedimentos, orienta\u00e7\u00f5es e regras permanecem os mesmos adotados na aplica\u00e7\u00e3o regular.<\/strong><\/p>\n<p>Neste primeiro dia, os port\u00f5es s\u00e3o abertos \u00e0s 12h e fechados \u00e0s 13h, no hor\u00e1rio de Bras\u00edlia.<\/p>\n<p>As provas ter\u00e3o dura\u00e7\u00e3o de 5 horas e 30 minutos: come\u00e7am \u00e0s 13h30 e se encerram \u00e0s 19h.<\/p>\n<p>O fuso hor\u00e1rio de Bel\u00e9m, Ananindeua e Marituba, no Par\u00e1, \u00e9 o mesmo do de Bras\u00edlia.<\/p>\n<h2>O que levar<\/h2>\n<p>Para fazer a prova\u00a0Enem 2025, o participante deve apresentar um documento de identifica\u00e7\u00e3o original com foto, emitido por \u00f3rg\u00e3os oficiais, nas vers\u00f5es f\u00edsica ou digital, conforme especificado no edital p\u00fablico.<\/p>\n<p>Apesar de n\u00e3o ser obrigat\u00f3rio, o Inep recomenda levar impresso, tamb\u00e9m, o Cart\u00e3o de Confirma\u00e7\u00e3o de Inscri\u00e7\u00e3o, nos dois dias de exame para facilitar as consultas \u00e0s informa\u00e7\u00f5es.<\/p>\n<p>A prova deve ser respondida apenas com caneta esferogr\u00e1fica de tinta preta, fabricada em material transparente, que dever\u00e1 ser levada pelo candidato.<\/p>\n<h2>1\u00ba dia<\/h2>\n<p>No domingo, os estudantes da aplica\u00e7\u00e3o excepcional do Enem 2025 resolver\u00e3o 90 quest\u00f5es de m\u00faltipla escolha, sendo 45 de linguagens (l\u00edngua portuguesa, literatura, l\u00edngua\u00a0estrangeira \u2013 ingl\u00eas ou\u00a0espanhol, artes,\u00a0educa\u00e7\u00e3o f\u00edsica\u00a0e\u00a0tecnologias da informa\u00e7\u00e3o\u00a0e\u00a0comunica\u00e7\u00e3o)\u00a0e\u00a0ci\u00eancias humanas\u00a0e\u00a0suas tecnologias (hist\u00f3ria, geografia, filosofia\u00a0e\u00a0sociologia), al\u00e9m de reda\u00e7\u00e3o dissertativa-argumentativa.<\/p>\n<h2>Isonomia<\/h2>\n<p><strong>O Inep garante que as provas das tr\u00eas cidades paraenses ter\u00e3o conte\u00fados distintos daqueles da aplica\u00e7\u00e3o regular, por\u00e9m com o mesmo n\u00edvel de dificuldade das demais. O objetivo \u00e9 garantir equidade\u00a0e\u00a0isonomia\u00a0entre todos participantes do exame.<\/strong><\/p>\n<p>A equival\u00eancia entre as quest\u00f5es, de acordo com o Inep, \u00e9 poss\u00edvel gra\u00e7as \u00e0 ado\u00e7\u00e3o da metodologia da Teoria de Resposta ao Item (TRI), que permite a compara\u00e7\u00e3o entre os resultados de provas diferentes.<\/p>\n<p>A TRI\u00a0considera para o c\u00e1lculo da nota do participante a coer\u00eancia das respostas corretas dele.\u00a0Este modelo matem\u00e1tico identifica o grau de dificuldade de cada quest\u00e3o.<\/p>\n<h2>Notas<\/h2>\n<p>As notas finais do exame\u00a0podem ser usadas para acesso a universidades p\u00fablicas, em diversas modalidades; para concorrer a bolsas de estudo integrais e parciais em universidades privadas; para pleitear o cr\u00e9dito estudantil para o pagamento das mensalidades de faculdades privadas; para ingresso sem vestibular em faculdades; para estudar em Portugal; para autoavalia\u00e7\u00e3o pelos treineiros; e para certifica\u00e7\u00e3o de conclus\u00e3o do ensino m\u00e9dio ou declara\u00e7\u00e3o parcial de profici\u00eancia nessa etapa do ensino b\u00e1sico.<\/p>\n<p>Os concluintes do ensino m\u00e9dio em 2025 que fazem parte do programa P\u00e9-de-Meia e participarem dos dois dias de prova do Exame Nacional do Ensino M\u00e9dio (Enem) podem receber um incentivo adicional de R$ 200, em parcela \u00fanica depositada na conta da Caixa Econ\u00f4mica Federal aberta em nome do estudante.<\/p>\n<p>      <!-- Relacionada --><\/p>\n<p>            <!-- Relacionada -->\n    <\/div>\n<p><br \/>\n<br \/>Fonte: <a href=\"https:\/\/agenciabrasil.ebc.com.br\/educacao\/noticia\/2025-11\/belem-ananindeua-e-marituba-terao-aplicacao-do-enem-2025-no-domingo\">Ag\u00eancia Brasil<\/a><\/p>\n","protected":false},"excerpt":{"rendered":"<p>Os 95.784 inscritos no Exame Nacional do Ensino M\u00e9dio (Enem) de 2025 que vivem em\u00a0Bel\u00e9m, Ananindeua e Marituba, no Par\u00e1, far\u00e3o o primeiro dia de provas no pr\u00f3ximo\u00a0domingo (30). O adiamento em rela\u00e7\u00e3o ao restante do pa\u00eds foi devido \u00e0 realiza\u00e7\u00e3o da Confer\u00eancia das Na\u00e7\u00f5es Unidas sobre as Mudan\u00e7as Clim\u00e1ticas de 2025 (COP30), em Bel\u00e9m. [&hellip;]<\/p>\n","protected":false},"author":5,"featured_media":56197,"comment_status":"open","ping_status":"open","sticky":false,"template":"","format":"standard","meta":{"_seopress_robots_primary_cat":"","_seopress_titles_title":"","_seopress_titles_desc":"","_seopress_robots_index":"","footnotes":""},"categories":[44],"tags":[],"class_list":["post-56196","post","type-post","status-publish","format-standard","has-post-thumbnail","hentry","category-educacao"],"_links":{"self":[{"href":"https:\/\/mussicom.com\/noticias\/wp-json\/wp\/v2\/posts\/56196","targetHints":{"allow":["GET"]}}],"collection":[{"href":"https:\/\/mussicom.com\/noticias\/wp-json\/wp\/v2\/posts"}],"about":[{"href":"https:\/\/mussicom.com\/noticias\/wp-json\/wp\/v2\/types\/post"}],"author":[{"embeddable":true,"href":"https:\/\/mussicom.com\/noticias\/wp-json\/wp\/v2\/users\/5"}],"replies":[{"embeddable":true,"href":"https:\/\/mussicom.com\/noticias\/wp-json\/wp\/v2\/comments?post=56196"}],"version-history":[{"count":0,"href":"https:\/\/mussicom.com\/noticias\/wp-json\/wp\/v2\/posts\/56196\/revisions"}],"wp:featuredmedia":[{"embeddable":true,"href":"https:\/\/mussicom.com\/noticias\/wp-json\/wp\/v2\/media\/56197"}],"wp:attachment":[{"href":"https:\/\/mussicom.com\/noticias\/wp-json\/wp\/v2\/media?parent=56196"}],"wp:term":[{"taxonomy":"category","embeddable":true,"href":"https:\/\/mussicom.com\/noticias\/wp-json\/wp\/v2\/categories?post=56196"},{"taxonomy":"post_tag","embeddable":true,"href":"https:\/\/mussicom.com\/noticias\/wp-json\/wp\/v2\/tags?post=56196"}],"curies":[{"name":"wp","href":"https:\/\/api.w.org\/{rel}","templated":true}]}}