{"id":56150,"date":"2025-11-28T03:49:16","date_gmt":"2025-11-28T06:49:16","guid":{"rendered":"https:\/\/mussicom.com\/sandry-e-alex-esperam-retorno-do-santos-por-futuro-veja-os-numeros-da-dupla-no-athletic\/"},"modified":"2025-11-28T03:49:16","modified_gmt":"2025-11-28T06:49:16","slug":"sandry-e-alex-esperam-retorno-do-santos-por-futuro-veja-os-numeros-da-dupla-no-athletic","status":"publish","type":"post","link":"https:\/\/mussicom.com\/noticias\/sandry-e-alex-esperam-retorno-do-santos-por-futuro-veja-os-numeros-da-dupla-no-athletic\/","title":{"rendered":"Sandry e Alex esperam retorno do Santos por futuro; Veja os n\u00fameros da dupla no Athletic"},"content":{"rendered":"<p> <br \/>\n<\/p>\n<div>\n<div id=\"attachment_166577\" style=\"width: 969px\" class=\"wp-caption aligncenter\"><\/p>\n<p id=\"caption-attachment-166577\" class=\"wp-caption-text\">Sandry pode retornar ao Santos ap\u00f3s empr\u00e9stimo ao Athletic (Cr\u00e9dito: Divulga\u00e7\u00e3o)<\/p>\n<\/div>\n<p>O zagueiro Alex e o volante Sandry encerram o empr\u00e9stimo com o Athletic e esperam o retorno da diretoria do Santos por futuro. Ambos entram de f\u00e9rias e aguardam os respectivos representantes terem uma reuni\u00e3o com o clube. O defensor tem contrato at\u00e9 o fim de 2026 e o meio-campista at\u00e9 maio do ano que vem. No time mineiro, Alex teve 9 jogos enquanto Sandry somou 3 assist\u00eancias em 31 confrontos.<\/p>\n<p>Sem espa\u00e7o no Peixe, Alex come\u00e7ou o ano emprestado a Portuguesa no Paulist\u00e3o e s\u00f3 em abril foi disputar a segunda divis\u00e3o com o clube de Minas Gerais. J\u00e1 Sandry foi anunciado em mar\u00e7o, mas poderia ter sido emprestado antes pelo Alvinegro, mas recusou uma proposta para disputar S\u00e9rie A com o Mirassol.<\/p>\n<p>Formado na base do S\u00e3o Paulo, o zagueiro passou pelo Fluminense antes de chegar ao Santos em 2019, para integrar o time Sub-20. Ele estreou pelo profissional em 2020, mas enfrentou dificuldades para se firmar na equipe. Emprestado ao Famalic\u00e3o, de Portugal, retornou ao clube santista, mas teve poucas oportunidades devido a les\u00f5es e \u00e0 Covid-19.<\/p>\n<p>Ap\u00f3s a recupera\u00e7\u00e3o, Alex conseguiu ganhar minutos sob o comando do t\u00e9cnico Paulo Turra, mas n\u00e3o consolidou a titularidade. Em 2024, iniciou a temporada em fisioterapia ap\u00f3s sofrer uma fratura no tornozelo direito em setembro de 2023, durante a prepara\u00e7\u00e3o para um jogo contra o Cruzeiro pelo Brasileir\u00e3o. No ano retrasado, disputou apenas sete jogos pelo Peixe.<\/p>\n<p>Na \u00faltima temporada, na S\u00e9rie B, Alex atuou em cinco partidas, contra Ava\u00ed, Amazonas, Cear\u00e1, Paysandu e Ponte Preta. Desde que chegou ao Santos, o zagueiro disputou 34 jogos e marcou um gol.<\/p>\n<p><strong><em>Leia tamb\u00e9m: <\/em><\/strong><em>Santos \u00e9 multado e gandula absolvido pelo STJD ap\u00f3s incidente contra o Gr\u00eamio<\/em><\/p>\n<p>Sandry \u00e9 nascido em 2002 e surgiu como expectativa nas categorias de base do Santos. O Menino da Vila estreou no profissional na vit\u00f3ria sobre o Red Bull Bragantino por 4 a 1, no Nabi Abi Chedid, pelo Paulista, no dia 31 de janeiro de 2019. No elenco principal, ele tem 106 jogos e um hist\u00f3rico de les\u00f5es.<\/p>\n<p>Em abril de 2021, teve uma les\u00e3o de ligamento cruzado anterior no joelho direito, tamb\u00e9m durante um treino do Peixe. Na ocasi\u00e3o, ele voltou a atuar pelo Campeonato Brasileiro do mesmo ano, em novembro. Antes da outra les\u00e3o de LCA no ano passado, o volante chegou a ficar quatro meses longe dos gramados.<\/p>\n<p>Em fevereiro, na vit\u00f3ria sobre a Portuguesa, pelo Paulista, o jogador recebeu uma cotovelada de Marzag\u00e3o no rosto e sofreu um corte profundo. Na \u00e9poca, foi encaminhado depois do jogo ao Hospital Albert Einstein, em S\u00e3o Paulo, onde teve fraturas constatadas no nariz e no maxilar e precisou passar por uma cirurgia.<\/p>\n<p>Ele voltou a ser relacionado para partidas em abril, mas ainda sem entrar em campo. Durante a recupera\u00e7\u00e3o, ele teve uma infec\u00e7\u00e3o no local e precisou de outro pequeno procedimento cir\u00fargico para cuidar da situa\u00e7\u00e3o, e s\u00f3 conseguir voltar a atuar em junho. E dois meses depois, a les\u00e3o de LCA no joelho esquerdo.<\/p>\n<p>Foi \u2018reestrear\u2019 pelo clube em junho do ano passado, na derrota para o Novorizontino por 3 a 1, no Jorge de Ismael, pela nona rodada do Brasileir\u00e3o. Em 2024,\u00a0Sandry somou apenas 12 partidas e uma assist\u00eancia.<\/p>\n<\/p><\/div>\n<p><br \/>\n<br \/>Fonte: <a href=\"https:\/\/www.diariodopeixe.com.br\/noticias\/sandry-e-alex-esperam-retorno-do-santos-por-futuro-veja-os-numeros-da-dupla-no-athletic\/\">Placar<\/a><\/p>\n","protected":false},"excerpt":{"rendered":"<p>Sandry pode retornar ao Santos ap\u00f3s empr\u00e9stimo ao Athletic (Cr\u00e9dito: Divulga\u00e7\u00e3o) O zagueiro Alex e o volante Sandry encerram o empr\u00e9stimo com o Athletic e esperam o retorno da diretoria do Santos por futuro. Ambos entram de f\u00e9rias e aguardam os respectivos representantes terem uma reuni\u00e3o com o clube. O defensor tem contrato at\u00e9 o [&hellip;]<\/p>\n","protected":false},"author":5,"featured_media":56151,"comment_status":"open","ping_status":"open","sticky":false,"template":"","format":"standard","meta":{"_seopress_robots_primary_cat":"","_seopress_titles_title":"","_seopress_titles_desc":"","_seopress_robots_index":"","footnotes":""},"categories":[55],"tags":[],"class_list":["post-56150","post","type-post","status-publish","format-standard","has-post-thumbnail","hentry","category-santos-fc"],"_links":{"self":[{"href":"https:\/\/mussicom.com\/noticias\/wp-json\/wp\/v2\/posts\/56150","targetHints":{"allow":["GET"]}}],"collection":[{"href":"https:\/\/mussicom.com\/noticias\/wp-json\/wp\/v2\/posts"}],"about":[{"href":"https:\/\/mussicom.com\/noticias\/wp-json\/wp\/v2\/types\/post"}],"author":[{"embeddable":true,"href":"https:\/\/mussicom.com\/noticias\/wp-json\/wp\/v2\/users\/5"}],"replies":[{"embeddable":true,"href":"https:\/\/mussicom.com\/noticias\/wp-json\/wp\/v2\/comments?post=56150"}],"version-history":[{"count":0,"href":"https:\/\/mussicom.com\/noticias\/wp-json\/wp\/v2\/posts\/56150\/revisions"}],"wp:featuredmedia":[{"embeddable":true,"href":"https:\/\/mussicom.com\/noticias\/wp-json\/wp\/v2\/media\/56151"}],"wp:attachment":[{"href":"https:\/\/mussicom.com\/noticias\/wp-json\/wp\/v2\/media?parent=56150"}],"wp:term":[{"taxonomy":"category","embeddable":true,"href":"https:\/\/mussicom.com\/noticias\/wp-json\/wp\/v2\/categories?post=56150"},{"taxonomy":"post_tag","embeddable":true,"href":"https:\/\/mussicom.com\/noticias\/wp-json\/wp\/v2\/tags?post=56150"}],"curies":[{"name":"wp","href":"https:\/\/api.w.org\/{rel}","templated":true}]}}