{"id":56058,"date":"2025-11-27T00:44:31","date_gmt":"2025-11-27T03:44:31","guid":{"rendered":"https:\/\/mussicom.com\/estudo-defende-substituir-vale-transporte-por-tarifa-zero-universal\/"},"modified":"2025-11-27T00:44:31","modified_gmt":"2025-11-27T03:44:31","slug":"estudo-defende-substituir-vale-transporte-por-tarifa-zero-universal","status":"publish","type":"post","link":"https:\/\/mussicom.com\/noticias\/estudo-defende-substituir-vale-transporte-por-tarifa-zero-universal\/","title":{"rendered":"Estudo defende substituir vale-transporte por tarifa zero universal"},"content":{"rendered":"<p> <br \/>\n<\/p>\n<div>\n<p><strong>Pesquisadores da Universidade de Bras\u00edlia (UnB), da Universidade Federal de Minas Gerais (UFMG) e da Universidade de S\u00e3o Paulo (USP) divulgaram, nesta quarta-feira (26), um estudo que defende ser poss\u00edvel a tarifa zero no transporte p\u00fablico no pa\u00eds a partir de um fundo criado com a contribui\u00e7\u00e3o de empresas.\u00a0<\/strong><img decoding=\"async\" src=\"https:\/\/agenciabrasil.ebc.com.br\/ebc.gif?id=1669718&amp;o=node\" style=\"width:1px; height:1px; display:inline;\"\/><\/p>\n<p>Confira aqui o estudo <em>Caminhos para a tarifa zero.<\/em><\/p>\n<p><strong>Na pr\u00e1tica, seria a substitui\u00e7\u00e3o do sistema de vale-transporte por um outro tipo de financiamento inicialmente de empresas privadas e p\u00fablicas a partir de 10 funcion\u00e1rios nas 706 cidades do pa\u00eds com mais de 50 mil habitantes.<\/strong><\/p>\n<p>A estimativa do grupo de pesquisa \u00e9 que\u00a0 81,5% dos estabelecimentos estariam isentos de contribui\u00e7\u00e3o. O estudo, financiado pela Frente Parlamentar em Defesa da Tarifa Zero, foi assinado por Let\u00edcia Birchal Domingues (UnB), Thiago Trindade (UnB), Andr\u00e9 Veloso (ALMG), Roberto Andr\u00e9s (UFMG) e Daniel Santini (USP).<\/p>\n<blockquote>\n<p>\u201cUm estabelecimento com 10 funcion\u00e1rios ir\u00e1 pagar a contribui\u00e7\u00e3o no valor de um. Com 20 funcion\u00e1rios pagar\u00e1 o valor referente a 11 e assim por diante\u201d, explica o professor Thiago Trindade, da UnB.\u00a0<\/p>\n<\/blockquote>\n<p>O professor explica que a contribui\u00e7\u00e3o seria de aproximadamente R$ 255 por m\u00eas a cada funcion\u00e1rio, o que geraria aproximadamente R$ 80 bilh\u00f5es por ano. \u201cEsse montante seria o suficiente para custear a tarifa zero nas 706 cidades\u201d, diz.\u00a0<\/p>\n<p><strong>Atualmente, 137 cidades brasileiras n\u00e3o cobram pelo transporte p\u00fablico.<\/strong> Para fundamentar a proposta nacional, os pesquisadores desenvolveram um c\u00e1lculo estimativo do custo atual do transporte p\u00fablico no Brasil, que seria em torno de R$ 65 bilh\u00f5es por ano.\u00a0<\/p>\n<p>Os pesquisadores estimam que a implementa\u00e7\u00e3o da gratuidade em todas as 706 cidades com mais de 50 mil habitantes custaria cerca de R$ 78 bilh\u00f5es por ano, beneficiando 124 milh\u00f5es de pessoas que vivem nessas cidades.\u00a0<\/p>\n<p><strong>Ao examinar diferentes cen\u00e1rios de financiamento, o relat\u00f3rio ressalta que \u00e9 poss\u00edvel implementar a tarifa zero sem destina\u00e7\u00e3o de recursos do governo federal e sem criar novos impostos<\/strong><\/p>\n<h2>Reformula\u00e7\u00e3o do modelo<\/h2>\n<p>Atualmente, para a ades\u00e3o ao vale transporte, o trabalhador tem um desconto de 6% no sal\u00e1rio.<\/p>\n<blockquote>\n<p>\u201cO que a gente est\u00e1 propondo \u00e9 uma reformula\u00e7\u00e3o desse modelo. Ao inv\u00e9s da empresa pagar para o trabalhador, a empresa vai pagar para um fundo\u201d, salienta.<\/p>\n<\/blockquote>\n<p>A ideia \u00e9 que o governo federal criaria um fundo de contribui\u00e7\u00e3o onde cada empres\u00e1rio pagaria uma taxa que pode ser equivalente ou at\u00e9 menor do que paga atualmente no vale.\u00a0<\/p>\n<p>\u201cA gente tem como fazer um programa de tarifa zero sem onerar o or\u00e7amento da Uni\u00e3o\u201d, diz Trindade. Ele defende que, em 2026, seja iniciado um projeto de teste em algumas regi\u00f5es metropolitanas para avaliar como poderia ser o funcionamento na pr\u00e1tica.\u00a0<\/p>\n<p>A equipe que realizou o estudo avalia que o primeiro impacto mais imediato da tarifa zero \u00e9 que as pessoas que andam com transporte coletivo v\u00e3o deixar de gastar o dinheiro com a passagem e esse dinheiro vai movimentar a economia.<\/p>\n<p>\u201cIsso vai gerar um aumento da arrecada\u00e7\u00e3o tribut\u00e1ria. Porque vai haver mais dinheiro circulando\u201d, diz o pesquisador.\u00a0<\/p>\n<h2>Preju\u00edzos imensur\u00e1veis<\/h2>\n<p><strong>Outra reflex\u00e3o que o estudo traz \u00e9 que a tarifa zero faria com que pessoas que usam o transporte individual passariam a usar mais o transporte coletivo, o que diminuiria tamb\u00e9m os acidentes de tr\u00e2nsito.\u00a0<\/strong><\/p>\n<p>Um levantamento publicado\u00a0nesta quarta-feira\u00a0pelo Instituto de Pesquisa Econ\u00f4mica Aplicada (Ipea), mostrou que a participa\u00e7\u00e3o das motos nas mortes por acidentes de tr\u00e2nsito passou de 3% no fim dos anos 1990 para quase 40% em 2023.\u00a0<\/p>\n<p>Esses acidentes com motos representaram cerca de 60% das interna\u00e7\u00f5es por acidentes de transporte terrestre e significaram mais de R$ 270 milh\u00f5es das despesas p\u00fablicas hospitalares<\/p>\n<blockquote>\n<p>\u201cA gente vai aumentar a vida \u00fatil da popula\u00e7\u00e3o brasileira. As pessoas v\u00e3o trabalhar mais tempo, produzir mais riqueza e o governo vai arrecadar mais dinheiro\u201d, diz Trindade.<\/p>\n<\/blockquote>\n<p>O pesquisador considera que sai caro para o pa\u00eds \u00e9 n\u00e3o fazer pol\u00edtica social. \u201cEsse seria um dos maiores programas de distribui\u00e7\u00e3o de renda do mundo\u201d.\u00a0<\/p>\n<h2>Dinheiro na economia<\/h2>\n<p>A equipe de pesquisa calculou que no Distrito Federal, por exemplo, em caso de implementa\u00e7\u00e3o desse programa, geraria R$ 2 bilh\u00f5es em receita nas m\u00e3os dos cidad\u00e3os em um ano.\u00a0<\/p>\n<p>Para aprova\u00e7\u00e3o de um eventual projeto de lei sobre esse tema, o pesquisador do Instituto de Ci\u00eancia Pol\u00edtica da UnB entende ser necess\u00e1ria uma campanha de sensibiliza\u00e7\u00e3o para a import\u00e2ncia da tarifa zero.<\/p>\n<blockquote>\n<p>\u201cA gente teve mobiliza\u00e7\u00e3o social que conseguiu colocar esse tema na pauta da sociedade brasileira\u201d.<\/p>\n<\/blockquote>\n<p>      <!-- Relacionada --><\/p>\n<p>            <!-- Relacionada -->\n    <\/div>\n<p><br \/>\n<br \/>Fonte: <a href=\"https:\/\/agenciabrasil.ebc.com.br\/economia\/noticia\/2025-11\/estudo-defende-substituir-vale-transporte-por-tarifa-zero-universal\">Gazeta do Povo<\/a><\/p>\n","protected":false},"excerpt":{"rendered":"<p>Pesquisadores da Universidade de Bras\u00edlia (UnB), da Universidade Federal de Minas Gerais (UFMG) e da Universidade de S\u00e3o Paulo (USP) divulgaram, nesta quarta-feira (26), um estudo que defende ser poss\u00edvel a tarifa zero no transporte p\u00fablico no pa\u00eds a partir de um fundo criado com a contribui\u00e7\u00e3o de empresas.\u00a0 Confira aqui o estudo Caminhos para [&hellip;]<\/p>\n","protected":false},"author":5,"featured_media":56059,"comment_status":"open","ping_status":"open","sticky":false,"template":"","format":"standard","meta":{"_seopress_robots_primary_cat":"","_seopress_titles_title":"","_seopress_titles_desc":"","_seopress_robots_index":"","footnotes":""},"categories":[45],"tags":[],"class_list":["post-56058","post","type-post","status-publish","format-standard","has-post-thumbnail","hentry","category-economia"],"_links":{"self":[{"href":"https:\/\/mussicom.com\/noticias\/wp-json\/wp\/v2\/posts\/56058","targetHints":{"allow":["GET"]}}],"collection":[{"href":"https:\/\/mussicom.com\/noticias\/wp-json\/wp\/v2\/posts"}],"about":[{"href":"https:\/\/mussicom.com\/noticias\/wp-json\/wp\/v2\/types\/post"}],"author":[{"embeddable":true,"href":"https:\/\/mussicom.com\/noticias\/wp-json\/wp\/v2\/users\/5"}],"replies":[{"embeddable":true,"href":"https:\/\/mussicom.com\/noticias\/wp-json\/wp\/v2\/comments?post=56058"}],"version-history":[{"count":0,"href":"https:\/\/mussicom.com\/noticias\/wp-json\/wp\/v2\/posts\/56058\/revisions"}],"wp:featuredmedia":[{"embeddable":true,"href":"https:\/\/mussicom.com\/noticias\/wp-json\/wp\/v2\/media\/56059"}],"wp:attachment":[{"href":"https:\/\/mussicom.com\/noticias\/wp-json\/wp\/v2\/media?parent=56058"}],"wp:term":[{"taxonomy":"category","embeddable":true,"href":"https:\/\/mussicom.com\/noticias\/wp-json\/wp\/v2\/categories?post=56058"},{"taxonomy":"post_tag","embeddable":true,"href":"https:\/\/mussicom.com\/noticias\/wp-json\/wp\/v2\/tags?post=56058"}],"curies":[{"name":"wp","href":"https:\/\/api.w.org\/{rel}","templated":true}]}}