{"id":56056,"date":"2025-11-27T00:43:17","date_gmt":"2025-11-27T03:43:17","guid":{"rendered":"https:\/\/mussicom.com\/flamengo-embarca-para-final-da-libertadores-com-festa-da-torcida\/"},"modified":"2025-11-27T00:43:17","modified_gmt":"2025-11-27T03:43:17","slug":"flamengo-embarca-para-final-da-libertadores-com-festa-da-torcida","status":"publish","type":"post","link":"https:\/\/mussicom.com\/noticias\/flamengo-embarca-para-final-da-libertadores-com-festa-da-torcida\/","title":{"rendered":"Flamengo embarca para final da Libertadores com festa da torcida"},"content":{"rendered":"<p> <br \/>\n<\/p>\n<div>\n<p>Com direito a grade festa da sua torcida, o Flamengo embarcou na tarde desta quarta-feira (26) para Lima (Peru), onde disputa a final da Copa Libertadores contra o Palmeiras a partir das 18h (hor\u00e1rio de Bras\u00edlia) do pr\u00f3ximo s\u00e1bado (29).<img decoding=\"async\" src=\"https:\/\/agenciabrasil.ebc.com.br\/ebc.gif?id=1669768&amp;o=node\" style=\"width:1px; height:1px; display:inline;\"\/><\/p>\n<blockquote class=\"twitter-tweet\">\n<p dir=\"ltr\" lang=\"pt\" xml:lang=\"pt\">Seja na terra, seja no mar! Cinema no <a href=\"https:\/\/twitter.com\/hashtag\/AeroFla?src=hash&amp;ref_src=twsrc%5Etfw\">#AeroFla<\/a> <a href=\"https:\/\/twitter.com\/hashtag\/QueTorcida%C3%89Essa?src=hash&amp;ref_src=twsrc%5Etfw\">#QueTorcida\u00c9Essa<\/a> <a href=\"https:\/\/t.co\/NbmfwXkCiy\">pic.twitter.com\/NbmfwXkCiy<\/a><\/p>\n<p>\u2014 Flamengo (@Flamengo) <a href=\"https:\/\/twitter.com\/Flamengo\/status\/1993753405970632716?ref_src=twsrc%5Etfw\">November 26, 2025<\/a><\/p><\/blockquote>\n<p>Um dia ap\u00f3s empatar por 1 a 1 com o Atl\u00e9tico-MG em Belo Horizonte pelo Campeonato Brasileiro, resultado com o qual encaminhou o t\u00edtulo da competi\u00e7\u00e3o, o Rubro-Negro da G\u00e1vea recebeu o carinho dos seus torcedores durante um percurso de cerca de 45 quil\u00f4metros entre o Ninho do Urubu e o Terminal de Cargas do Aeroporto Internacional do Gale\u00e3o.<\/p>\n<p>Durante o trajeto, torcedores subiram em cima do \u00f4nibus que levava os jogadores. Em determinado momento, alguns dos aficionados do Rubro-Negro chegaram a entrar no ve\u00edculo atrav\u00e9s da sa\u00edda de emerg\u00eancia posicionada no teto.<\/p>\n<blockquote class=\"twitter-tweet\">\n<p dir=\"ltr\" lang=\"pt\" xml:lang=\"pt\">APOIO AT\u00c9 DENTRO DO BUZ\u00c3O!!!<br \/>ISSO AQUI \u00c9 <a href=\"https:\/\/twitter.com\/hashtag\/FLAMENGO?src=hash&amp;ref_src=twsrc%5Etfw\">#FLAMENGO<\/a>!!!! VAMOS POR N\u00d3S, PELOS NOSSOS, POR NOSSOS SONHOS! PELA <a href=\"https:\/\/twitter.com\/hashtag\/GloriaEterna?src=hash&amp;ref_src=twsrc%5Etfw\">#GloriaEterna<\/a>! PELO TETRA! <a href=\"https:\/\/twitter.com\/hashtag\/QUETORCIDA%C3%89ESSA?src=hash&amp;ref_src=twsrc%5Etfw\">#QUETORCIDA\u00c9ESSA<\/a> <a href=\"https:\/\/t.co\/0fyjrmvfsP\">pic.twitter.com\/0fyjrmvfsP<\/a><\/p>\n<p>\u2014 Flamengo (@Flamengo) <a href=\"https:\/\/twitter.com\/Flamengo\/status\/1993770096775635374?ref_src=twsrc%5Etfw\">November 26, 2025<\/a><\/p><\/blockquote>\n<p>O final do cortejo, chamado de Aerofla, foi marcado por uma grande confus\u00e3o, com policiais militares fazendo uso de bombas de efeito moral e g\u00e1s de pimenta para tentar dispersar a multid\u00e3o.<\/p>\n<p>Segundo nota do Flamengo, a delega\u00e7\u00e3o \u201ctem chegada prevista \u00e0 capital peruana para \u00e0s 23h25 desta quarta-feira\u201d.<\/p>\n<p>      <!-- Relacionada --><\/p>\n<p>            <!-- Relacionada -->\n    <\/div>\n<p><script async src=\"\/\/platform.twitter.com\/widgets.js\" charset=\"utf-8\"><\/script><br \/>\n<br \/><br \/>\n<br \/>Fonte: <a href=\"https:\/\/agenciabrasil.ebc.com.br\/esportes\/noticia\/2025-11\/flamengo-embarca-para-final-da-libertadores-com-festa-da-torcida\">Ag\u00eancia Brasil<\/a><\/p>\n","protected":false},"excerpt":{"rendered":"<p>Com direito a grade festa da sua torcida, o Flamengo embarcou na tarde desta quarta-feira (26) para Lima (Peru), onde disputa a final da Copa Libertadores contra o Palmeiras a partir das 18h (hor\u00e1rio de Bras\u00edlia) do pr\u00f3ximo s\u00e1bado (29). Seja na terra, seja no mar! Cinema no #AeroFla #QueTorcida\u00c9Essa pic.twitter.com\/NbmfwXkCiy \u2014 Flamengo (@Flamengo) November [&hellip;]<\/p>\n","protected":false},"author":5,"featured_media":56057,"comment_status":"open","ping_status":"open","sticky":false,"template":"","format":"standard","meta":{"_seopress_robots_primary_cat":"","_seopress_titles_title":"","_seopress_titles_desc":"","_seopress_robots_index":"","footnotes":""},"categories":[40],"tags":[],"class_list":["post-56056","post","type-post","status-publish","format-standard","has-post-thumbnail","hentry","category-esportes"],"_links":{"self":[{"href":"https:\/\/mussicom.com\/noticias\/wp-json\/wp\/v2\/posts\/56056","targetHints":{"allow":["GET"]}}],"collection":[{"href":"https:\/\/mussicom.com\/noticias\/wp-json\/wp\/v2\/posts"}],"about":[{"href":"https:\/\/mussicom.com\/noticias\/wp-json\/wp\/v2\/types\/post"}],"author":[{"embeddable":true,"href":"https:\/\/mussicom.com\/noticias\/wp-json\/wp\/v2\/users\/5"}],"replies":[{"embeddable":true,"href":"https:\/\/mussicom.com\/noticias\/wp-json\/wp\/v2\/comments?post=56056"}],"version-history":[{"count":0,"href":"https:\/\/mussicom.com\/noticias\/wp-json\/wp\/v2\/posts\/56056\/revisions"}],"wp:featuredmedia":[{"embeddable":true,"href":"https:\/\/mussicom.com\/noticias\/wp-json\/wp\/v2\/media\/56057"}],"wp:attachment":[{"href":"https:\/\/mussicom.com\/noticias\/wp-json\/wp\/v2\/media?parent=56056"}],"wp:term":[{"taxonomy":"category","embeddable":true,"href":"https:\/\/mussicom.com\/noticias\/wp-json\/wp\/v2\/categories?post=56056"},{"taxonomy":"post_tag","embeddable":true,"href":"https:\/\/mussicom.com\/noticias\/wp-json\/wp\/v2\/tags?post=56056"}],"curies":[{"name":"wp","href":"https:\/\/api.w.org\/{rel}","templated":true}]}}