{"id":56003,"date":"2025-11-26T12:32:18","date_gmt":"2025-11-26T15:32:18","guid":{"rendered":"https:\/\/mussicom.com\/sindicatos-marcam-protesto-contra-o-bc-para-pressionar-pela-queda-da-taxa-de-juros\/"},"modified":"2025-11-26T12:32:18","modified_gmt":"2025-11-26T15:32:18","slug":"sindicatos-marcam-protesto-contra-o-bc-para-pressionar-pela-queda-da-taxa-de-juros","status":"publish","type":"post","link":"https:\/\/mussicom.com\/noticias\/sindicatos-marcam-protesto-contra-o-bc-para-pressionar-pela-queda-da-taxa-de-juros\/","title":{"rendered":"Sindicatos marcam protesto contra o BC para pressionar pela queda da taxa de juros"},"content":{"rendered":"<p> <br \/>\n<\/p>\n<div>\n<p class=\"postParagraph_post-paragraph__juWZN postParagraph_post-paragraph-innerHtml__Q5vwc\">O presidente da Central \u00danica dos Trabalhadores (CUT), S\u00e9rgio Nobre, afirmou nesta quarta (26) que as centrais sindicais do pa\u00eds far\u00e3o um protesto em frente \u00e0s sedes do Banco Central para pressionar o Comit\u00ea de Pol\u00edtica Monet\u00e1ria (Copom) a baixar a taxa b\u00e1sica de juros, atualmente em 15%.<\/p>\n<p class=\"postParagraph_post-paragraph__juWZN postParagraph_post-paragraph-innerHtml__Q5vwc\">O protesto ser\u00e1 realizado em 9 de dezembro, primeiro dia em que o colegiado se re\u00fane para atualizar a Selic, que deve permanecer neste patamar segundo expectativas do mercado financeiro. A manuten\u00e7\u00e3o dos juros a 15% na \u00faltima reuni\u00e3o fez o presidente do Banco Central, Gabriel Gal\u00edpolo, entrar na mira das reclama\u00e7\u00f5es do governo e de aliados \u2013 ele foi indicado pelo ministro Fernando Haddad, da Fazenda, ao cargo.<\/p>\n<p class=\"postParagraph_post-paragraph__juWZN postParagraph_post-paragraph-innerHtml__Q5vwc\">\u201cVamos estar na porta e nas sedes do Banco Central em todo o brasil pra exigir a imediata queda da taxa de juros. Existe um descompasso enorme entre a taxa de juros praticada e a infla\u00e7\u00e3o do Brasil, e at\u00e9 economista de direita reconhece isso. E vamos fazer a manifesta\u00e7\u00e3o pra ver se o Banco Central come\u00e7a a baixar os juros e parar de sabotar o crescimento do nosso pa\u00eds e a gera\u00e7\u00e3o de empregos\u201d, disse Nobre.<\/p>\n<div class=\"postViewMore_post-view-more-container___5wai\" data-mrf-recirculation=\"Post - Veja tamb\u00e9m\">\n<p class=\"gp-styles-module-size-small-afeYRa gp-styles-module-font-family2-afeYRa gp-styles-module-color-secondary-afeYRa gp-styles-module-weight-bold-afeYRa\">VEJA TAMB\u00c9M:<\/p>\n<ul class=\"postViewMore_post-view-more-list__CU_CE\">\n<li class=\"postViewMore_post-view-more-item__2MzRb\">\n<div class=\"postViewMore_post-view-more-image__5gUSe\"><picture class=\"imageDefault_image-container__XGd8_\"><\/picture><\/div>\n<p>Em crise com Lula, Alcolumbre marca an\u00e1lise de vetos ao PL do licenciamento ambiental<\/li>\n<\/ul>\n<\/div>\n<p class=\"postParagraph_post-paragraph__juWZN postParagraph_post-paragraph-innerHtml__Q5vwc\">O an\u00fancio do protesto ocorreu diretamente ao presidente Luiz In\u00e1cio Lula da Silva (PT) durante a cerim\u00f4nia de san\u00e7\u00e3o da isen\u00e7\u00e3o do Imposto de Renda para quem ganha at\u00e9 R$ 5 mil, no Pal\u00e1cio do Planalto, em Bras\u00edlia. S\u00e9rgio Nobre ainda classificou a taxa de juros como \u201cescorchante\u201d.<\/p>\n<p class=\"postParagraph_post-paragraph__juWZN postParagraph_post-paragraph-innerHtml__Q5vwc\">Desde a \u00faltima reuni\u00e3o do Copom, no come\u00e7o do m\u00eas, Gal\u00edpolo virou alvo de fortes cr\u00edticas do governo, inclusive do pr\u00f3prio ex-chefe \u2013 o ministro Haddad.<\/p>\n<p class=\"postParagraph_post-paragraph__juWZN postParagraph_post-paragraph-innerHtml__Q5vwc\">\u201cTem espa\u00e7o para corte, n\u00e3o \u00e9 quest\u00e3o pessoal, \u00e9 institucional. N\u00e3o tem como sustentar 10% de juro real com infla\u00e7\u00e3o a 4,5%\u201d, afirmou em entrevista \u00e0 <em>CNN Brasil<\/em>.<\/p>\n<p class=\"postParagraph_post-paragraph__juWZN postParagraph_post-paragraph-innerHtml__Q5vwc\">A ministra Gleisi Hoffmann, das Rela\u00e7\u00f5es Institucionais, engrossou o discurso e afirmou que Gal\u00edpolo \u201cdeixou a desejar\u201d por n\u00e3o reduzir a Selic naquela reuni\u00e3o.<\/p>\n<p class=\"postParagraph_post-paragraph__juWZN postParagraph_post-paragraph-innerHtml__Q5vwc\">Embora a atua\u00e7\u00e3o Gal\u00edpolo como diretor do Copom \u2013 cargo que exercia antes da indica\u00e7\u00e3o \u00e0 presid\u00eancia \u2013 tenha sido essencialmente t\u00e9cnica, havia a expectativa de que, uma vez no comando, ele pudesse se alinhar minimamente ao ideal hist\u00f3rico do PT de turbinar a economia a todo custo, ajudando a promover uma redu\u00e7\u00e3o mais r\u00e1pida dos juros.<\/p>\n<p class=\"postParagraph_post-paragraph__juWZN postParagraph_post-paragraph-innerHtml__Q5vwc\">Com a sinaliza\u00e7\u00e3o do Copom de manter a taxa b\u00e1sica de juros em 15% ao ano por um per\u00edodo \u201cbastante prolongado\u201d, o partido tenta administrar o descontentamento interno com Gal\u00edpolo \u2013 chamado por Lula de \u201cmenino de ouro\u201d antes da indica\u00e7\u00e3o ao BC \u2013 e evitar um embate mais pesado.<\/p>\n<\/div>\n<p><br \/>\n<br \/>Fonte: <a href=\"https:\/\/www.gazetadopovo.com.br\/economia\/sindicatos-protesto-bc-pressionar-queda-taxa-juros\/\">Gazeta do Povo<\/a><\/p>\n","protected":false},"excerpt":{"rendered":"<p>O presidente da Central \u00danica dos Trabalhadores (CUT), S\u00e9rgio Nobre, afirmou nesta quarta (26) que as centrais sindicais do pa\u00eds far\u00e3o um protesto em frente \u00e0s sedes do Banco Central para pressionar o Comit\u00ea de Pol\u00edtica Monet\u00e1ria (Copom) a baixar a taxa b\u00e1sica de juros, atualmente em 15%. O protesto ser\u00e1 realizado em 9 de [&hellip;]<\/p>\n","protected":false},"author":5,"featured_media":56004,"comment_status":"open","ping_status":"open","sticky":false,"template":"","format":"standard","meta":{"_seopress_robots_primary_cat":"","_seopress_titles_title":"","_seopress_titles_desc":"","_seopress_robots_index":"","footnotes":""},"categories":[45],"tags":[],"class_list":["post-56003","post","type-post","status-publish","format-standard","has-post-thumbnail","hentry","category-economia"],"_links":{"self":[{"href":"https:\/\/mussicom.com\/noticias\/wp-json\/wp\/v2\/posts\/56003","targetHints":{"allow":["GET"]}}],"collection":[{"href":"https:\/\/mussicom.com\/noticias\/wp-json\/wp\/v2\/posts"}],"about":[{"href":"https:\/\/mussicom.com\/noticias\/wp-json\/wp\/v2\/types\/post"}],"author":[{"embeddable":true,"href":"https:\/\/mussicom.com\/noticias\/wp-json\/wp\/v2\/users\/5"}],"replies":[{"embeddable":true,"href":"https:\/\/mussicom.com\/noticias\/wp-json\/wp\/v2\/comments?post=56003"}],"version-history":[{"count":0,"href":"https:\/\/mussicom.com\/noticias\/wp-json\/wp\/v2\/posts\/56003\/revisions"}],"wp:featuredmedia":[{"embeddable":true,"href":"https:\/\/mussicom.com\/noticias\/wp-json\/wp\/v2\/media\/56004"}],"wp:attachment":[{"href":"https:\/\/mussicom.com\/noticias\/wp-json\/wp\/v2\/media?parent=56003"}],"wp:term":[{"taxonomy":"category","embeddable":true,"href":"https:\/\/mussicom.com\/noticias\/wp-json\/wp\/v2\/categories?post=56003"},{"taxonomy":"post_tag","embeddable":true,"href":"https:\/\/mussicom.com\/noticias\/wp-json\/wp\/v2\/tags?post=56003"}],"curies":[{"name":"wp","href":"https:\/\/api.w.org\/{rel}","templated":true}]}}