{"id":55838,"date":"2025-11-23T15:11:16","date_gmt":"2025-11-23T18:11:16","guid":{"rendered":"https:\/\/mussicom.com\/enem-2025-pf-cumpre-mandado-no-ceara-por-suposta-fraude-no-exame\/"},"modified":"2025-11-23T15:11:16","modified_gmt":"2025-11-23T18:11:16","slug":"enem-2025-pf-cumpre-mandado-no-ceara-por-suposta-fraude-no-exame","status":"publish","type":"post","link":"https:\/\/mussicom.com\/noticias\/enem-2025-pf-cumpre-mandado-no-ceara-por-suposta-fraude-no-exame\/","title":{"rendered":"Enem 2025: PF cumpre mandado no Cear\u00e1 por suposta fraude no exame"},"content":{"rendered":"<p> <br \/>\n<\/p>\n<div>\n<p>A Pol\u00edcia Federal (PF) deflagrou, neste domingo (23), a Opera\u00e7\u00e3o Profeta, com o cumprimento de mandado de busca e apreens\u00e3o no Cear\u00e1. A decis\u00e3o foi expedida pela Justi\u00e7a Federal, para apurar poss\u00edvel pr\u00e1tica do crime de fraude no Exame Nacional do Ensino M\u00e9dio (Enem) de 2025.<img decoding=\"async\" src=\"https:\/\/agenciabrasil.ebc.com.br\/ebc.gif?id=1669176&amp;o=node\" style=\"width:1px; height:1px; display:inline;\"\/><\/p>\n<p><strong>Por solicita\u00e7\u00e3o do Minist\u00e9rio da Educa\u00e7\u00e3o (MEC), a Pol\u00edcia Federal investiga a suposta divulga\u00e7\u00e3o antecipada de quest\u00f5es semelhantes \u00e0s da prova, antes da realiza\u00e7\u00e3o do segundo dia do exame, conforme relatos na internet identificados pela equipe t\u00e9cnica do Instituto Nacional de Estudos e Pesquisas Educacionais An\u00edsio Teixeira (Inep).<\/strong><\/p>\n<p>No dia 16 de novembro, cerca de 3,36 milh\u00f5es de participantes do Enem resolveram 90 quest\u00f5es de m\u00faltipla escolha. Sendo 45 itens de ci\u00eancias da natureza e suas tecnologias (biologia, qu\u00edmica e f\u00edsica) e outros 45 de matem\u00e1tica e suas tecnologias.<\/p>\n<p><strong>Investiga\u00e7\u00e3o federal<\/strong><\/p>\n<p>Em nota, a Pol\u00edcia Federal afirmou que sua atua\u00e7\u00e3o tem os objetivos de esclarecer os fatos;\u00a0apurar poss\u00edveis il\u00edcitos;\u00a0identificar os respons\u00e1veis pela obten\u00e7\u00e3o dos dados e divulga\u00e7\u00e3o indevida, al\u00e9m de\u00a0poss\u00edveis conex\u00f5es com outros delitos.<\/p>\n<p>\u201cA Pol\u00edcia Federal reafirma seu compromisso com a integridade dos concursos p\u00fablicos e com o combate a fraudes que comprometam a confian\u00e7a da sociedade nos processos seletivos nacionais\u201d,\u00a0diz a nota.<\/p>\n<p><strong>Primeiras consequ\u00eancias<\/strong><\/p>\n<p>A suspeita de vazamento dos conte\u00fados similares aos que ca\u00edram no Enem 2025 resultou na anula\u00e7\u00e3o de tr\u00eas quest\u00f5es do exame, na ter\u00e7a-feira (18) pelo Inep por precau\u00e7\u00e3o.<\/p>\n<p>A autarquia vinculada ao MEC tamb\u00e9m antecipou, em um dia,\u00a0a divulga\u00e7\u00e3o do gabarito oficial do \u00faltimo dia de provas do Enem.\u00a0<\/p>\n<p><b>Transmiss\u00e3o ao vivo<\/b><\/p>\n<p>Em entrevista \u00e0 TV Educativa do Cear\u00e1, na \u00faltima ter\u00e7a (18),\u00a0o ministro da Educa\u00e7\u00e3o, Camilo Santana, relatou que, segundo as informa\u00e7\u00f5es obtidas por ele, uma pessoa que participou de um pr\u00e9-teste do Enem teria divulgado as quest\u00f5es durante uma transmiss\u00e3o ao vivo, na internet, dias antes da prova.<\/p>\n<p>O pr\u00e9-teste do Enem \u00e9 a etapa de aplica\u00e7\u00e3o experimental e sigilosa, a uma amostra de estudantes, de novas quest\u00f5es, antes que elas\u00a0sejam inclu\u00eddas no Banco Nacional de Itens (BNI). Isso ocorre apenas\u00a0se as quest\u00f5es atenderem\u00a0a todos os crit\u00e9rios estabelecidos.<\/p>\n<p>Depois de &#8220;aprovadas&#8221;, como parte do\u00a0BNI, as quest\u00f5es\u00a0ficam dispon\u00edveis para serem usadas nas provas.\u00a0<\/p>\n<p>      <!-- Relacionada --><\/p>\n<p>            <!-- Relacionada -->\n    <\/div>\n<p><script async src=\"\/\/www.instagram.com\/embed.js\"><\/script><br \/>\n<br \/><br \/>\n<br \/>Fonte: <a href=\"https:\/\/agenciabrasil.ebc.com.br\/educacao\/noticia\/2025-11\/enem-2025-pf-cumpre-mandado-no-ceara-por-suposta-fraude-no-exame\">Ag\u00eancia Brasil<\/a><\/p>\n","protected":false},"excerpt":{"rendered":"<p>A Pol\u00edcia Federal (PF) deflagrou, neste domingo (23), a Opera\u00e7\u00e3o Profeta, com o cumprimento de mandado de busca e apreens\u00e3o no Cear\u00e1. A decis\u00e3o foi expedida pela Justi\u00e7a Federal, para apurar poss\u00edvel pr\u00e1tica do crime de fraude no Exame Nacional do Ensino M\u00e9dio (Enem) de 2025. Por solicita\u00e7\u00e3o do Minist\u00e9rio da Educa\u00e7\u00e3o (MEC), a Pol\u00edcia [&hellip;]<\/p>\n","protected":false},"author":5,"featured_media":55839,"comment_status":"open","ping_status":"open","sticky":false,"template":"","format":"standard","meta":{"_seopress_robots_primary_cat":"","_seopress_titles_title":"","_seopress_titles_desc":"","_seopress_robots_index":"","footnotes":""},"categories":[44],"tags":[],"class_list":["post-55838","post","type-post","status-publish","format-standard","has-post-thumbnail","hentry","category-educacao"],"_links":{"self":[{"href":"https:\/\/mussicom.com\/noticias\/wp-json\/wp\/v2\/posts\/55838","targetHints":{"allow":["GET"]}}],"collection":[{"href":"https:\/\/mussicom.com\/noticias\/wp-json\/wp\/v2\/posts"}],"about":[{"href":"https:\/\/mussicom.com\/noticias\/wp-json\/wp\/v2\/types\/post"}],"author":[{"embeddable":true,"href":"https:\/\/mussicom.com\/noticias\/wp-json\/wp\/v2\/users\/5"}],"replies":[{"embeddable":true,"href":"https:\/\/mussicom.com\/noticias\/wp-json\/wp\/v2\/comments?post=55838"}],"version-history":[{"count":0,"href":"https:\/\/mussicom.com\/noticias\/wp-json\/wp\/v2\/posts\/55838\/revisions"}],"wp:featuredmedia":[{"embeddable":true,"href":"https:\/\/mussicom.com\/noticias\/wp-json\/wp\/v2\/media\/55839"}],"wp:attachment":[{"href":"https:\/\/mussicom.com\/noticias\/wp-json\/wp\/v2\/media?parent=55838"}],"wp:term":[{"taxonomy":"category","embeddable":true,"href":"https:\/\/mussicom.com\/noticias\/wp-json\/wp\/v2\/categories?post=55838"},{"taxonomy":"post_tag","embeddable":true,"href":"https:\/\/mussicom.com\/noticias\/wp-json\/wp\/v2\/tags?post=55838"}],"curies":[{"name":"wp","href":"https:\/\/api.w.org\/{rel}","templated":true}]}}