{"id":5572,"date":"2025-03-14T13:46:02","date_gmt":"2025-03-14T16:46:02","guid":{"rendered":"https:\/\/www.mussicom.com\/iron-maiden-lancara-documentario-sobre-seus-50-anos-de-carreira\/"},"modified":"2025-03-14T13:46:02","modified_gmt":"2025-03-14T16:46:02","slug":"iron-maiden-lancara-documentario-sobre-seus-50-anos-de-carreira","status":"publish","type":"post","link":"https:\/\/mussicom.com\/noticias\/iron-maiden-lancara-documentario-sobre-seus-50-anos-de-carreira\/","title":{"rendered":"Iron Maiden lan\u00e7ar\u00e1 document\u00e1rio sobre seus 50 anos de carreira"},"content":{"rendered":"<p> <br \/>\n<\/p>\n<div>\n<p>O <strong>Iron Maiden<\/strong> tem muitos planos para celebrar seus 50 anos. Al\u00e9m de uma turn\u00ea especial (<em><strong>Run for Your Lives<\/strong><\/em>) e um livro visual (<em><strong>Iron Maiden: Infinite Dreams \u2014 A Hist\u00f3ria Visual Oficial<\/strong><\/em>), a banda ganhar\u00e1 um document\u00e1rio ainda este ano.<\/p>\n<p>A produ\u00e7\u00e3o \u00e9 uma parceria com o <strong>Universal Pictures Content Group<\/strong>. Ainda n\u00e3o h\u00e1 t\u00edtulo ou data de lan\u00e7amento. Sabe-se que chegar\u00e1 a p\u00fablico na primavera do hemisf\u00e9rio sul, muito provavelmente nos cinemas em vez de plataformas de streaming.<\/p>\n<p>Em nota, os envolvidos descrevem a obar como <em>\u201cuma jornada emocionante pelos 50 anos de hist\u00f3ria do Maiden contada da perspectiva da banda e de alguns de seus seguidores mais devotados\u201d<\/em>. H\u00e1 a promessa de entrevistas exclusivas com <em>\u201cmembros essenciais do grupo\u201d<\/em>, sem deixar claro quem ir\u00e1 participar. Nomes da m\u00fasica e do cinema influenciados pelo sexteto \u2014 outrora quinteto \u2014, como <strong>Javier Bardem<\/strong>, <strong>Lars Ulrich<\/strong> (<strong>Metallica<\/strong>) e <strong>Gene Simmons<\/strong> (<strong>Kiss<\/strong>), tamb\u00e9m concederam depoimentos.<\/p>\n<figure class=\"image\"><figcaption>Iron Maiden em 2021 &#8211; Foto: John McMurtrie<\/figcaption><\/figure>\n<p>Outro grande atrativo \u00e9 uma entrevista com <strong>Paul Di\u2019Anno<\/strong>, vocalista dos dois primeiros \u00e1lbuns do Maiden. O depoimento \u00e9 definido como o \u201c\u00faltimo\u201d do cantor, que faleceu em outubro de 2024, aos 66 anos, ap\u00f3s uma s\u00e9rie de problemas de sa\u00fade.<\/p>\n<p>O comunicado afirma:<\/p>\n<blockquote class=\"citacao\"><p><em>\u201cApresentando raras filmagens de arquivo, incluindo anima\u00e7\u00e3o espetacular do nosso mascote ic\u00f4nico, Eddie, o filme explora como o Iron Maiden ajudou a moldar um movimento cultural, desafiando vis\u00f5es convencionais do rock e do impacto mais amplo do heavy metal na sociedade e na cultura.\u201d<\/em><\/p><\/blockquote>\n<h3><strong>Iron Maiden e Run for Your Lives<\/strong><\/h3>\n<p>O <strong>Iron Maiden<\/strong> levar\u00e1 sua pr\u00f3xima turn\u00ea de 50 anos, <em><strong>Run for Your Lives<\/strong><\/em>, \u00e0 Europa. H\u00e1 shows agendados no Velho Continente entre os meses de maio e agosto.<\/p>\n<p>A expectativa \u00e9 que, em 2026, o itiner\u00e1rio seja expandido para outros continentes \u2014 incluindo o Brasil, pa\u00eds que o vocalista <strong>Bruce Dickinson<\/strong> visita com sua carreira solo em 7 de setembro, para apresenta\u00e7\u00e3o no festival paulistano <strong>The Town<\/strong>.<\/p>\n<p>Com repert\u00f3rio focado nos nove \u00e1lbuns iniciais \u2014 a estreia de 1980 at\u00e9 <em><strong>Fear of the Dark<\/strong><\/em> (1992) \u2014, a vindoura excurs\u00e3o marca ainda a primeira ocasi\u00e3o em d\u00e9cadas em que o Maiden se apresentar\u00e1 sem <strong>Nicko McBrain<\/strong>. O baterista, membro desde 1982, se afastou das atividades na estrada e ser\u00e1 substitu\u00eddo por <strong>Simon Dawson<\/strong> (<strong>British Lion<\/strong>, <strong>The Outfield<\/strong> etc).<\/p>\n<p>Confira abaixo a agenda do Iron Maiden para 2025:<\/p>\n<ul>\n<li>27 de maio \u2013 Budapest Ar\u00e9na, Budapeste, Hungria *<\/li>\n<li>31 de maio \u2013 Letnany Airport, Praga, Rep\u00fablica Tcheca *<\/li>\n<li>01 de junho \u2013 TIPOS Arena, Bratislava, Eslov\u00e1quia *<\/li>\n<li>05 de junho \u2013 Trondheim Rocks, Trondheim, Noruega (Festival)<\/li>\n<li>07 de junho \u2013 SR-Bank Arena, Stavanger, Noruega *<\/li>\n<li>09 de junho \u2013 Royal Arena, Copenhague, Dinamarca *<\/li>\n<li>12 de junho \u2013 3Arena, Estocolmo, Su\u00e9cia *<\/li>\n<li>13 de junho \u2013 3Arena, Estocolmo, Su\u00e9cia *<\/li>\n<li>16 de junho \u2013 Est\u00e1dio Ol\u00edmpico, Helsinque, Finl\u00e2ndia *<\/li>\n<li>21 de junho \u2013 Utilita Arena, Birmingham, Inglaterra ^<\/li>\n<li>22 de junho \u2013 Co-op Live, Manchester, Inglaterra ^<\/li>\n<li>25 de junho \u2013 Malahide Castle, Dublin, Irlanda *^<\/li>\n<li>28 de junho \u2013 Longon Stadium, Londres, Inglaterra *^<\/li>\n<li>30 de junho \u2013 OVO Hydro, Glasgow, Esc\u00f3cia ^<\/li>\n<li>03 de julho \u2013 Festival Eurock\u00e9ennes, Belfort, Fran\u00e7a (Festival)<\/li>\n<li>05 de julho \u2013 Estadio C\u00edvitas Metropolitano, Madrid, Espanha **<\/li>\n<li>06 de julho \u2013 MEO Arena, Lisboa, Portugal **<\/li>\n<li>09 de julho \u2013 Hallenstadion, Zurique, Su\u00ed\u00e7a **<\/li>\n<li>11 de julho \u2013 Veltins-Arena, Gelsenkirchen, Alemanha **<\/li>\n<li>13 de julho \u2013 Stadio Euganeo, Padova, It\u00e1lia **<\/li>\n<li>15 de julho \u2013 B\u00fcrgerweide, Bremen, Alemanha **<\/li>\n<li>17 de julho \u2013 Est\u00e1dio Ernst Happel, Viena, \u00c1ustria **<\/li>\n<li>19 de julho \u2013 Paris La D\u00e9fense Arena, Paris, Fran\u00e7a **<\/li>\n<li>23 de julho \u2013 GelreDome, Arnhem, Holanda **<\/li>\n<li>25 de julho \u2013 Deutsche Bank Park, Frankfurt, Alemanha **<\/li>\n<li>26 de julho \u2013 Cannstatter Wasen, Stuttgart, Alemanha **<\/li>\n<li>29 de julho \u2013 Waldb\u00fchne, Berlim, Alemanha **<\/li>\n<li>02 de agosto \u2013 PGE Narodowy, Vars\u00f3via, Pol\u00f4nia **<\/li>\n<li>* = Abertura do <strong>Halestorm<\/strong><\/li>\n<li>^ = Abertura do <strong>The Raven Age<\/strong><\/li>\n<li>** = Abertura do <strong>Avatar<\/strong><\/li>\n<\/ul>\n<h3><strong>Rolling Stone Brasil especial: Iron Maiden<\/strong><\/h3>\n<p><strong>Iron Maiden na capa<\/strong>: a <strong><em>Rolling Stone Brasil<\/em><\/strong> lan\u00e7ou uma edi\u00e7\u00e3o de colecionador in\u00e9dita para os f\u00e3s da banda de heavy metal. Os maiores \u00e1lbuns, a lista dos shows no Brasil, o poder do merchadising do grupo e at\u00e9 um tour pelo avi\u00e3o da banda voc\u00ea confere no especial impresso, \u00e0 venda na <strong>Loja Perfil<\/strong>.<\/p>\n<figure class=\"image\"><img loading=\"lazy\" decoding=\"async\" alt=\"\" height=\"924\" loading=\"lazy\" src=\"https:\/\/rollingstone.uol.com.br\/media\/uploads\/2024\/11\/whatsapp-image-2024-11-28-at-111827.jpeg\" width=\"773\"\/><figcaption>Rolling Stone Brasil especial: Iron Maiden<\/figcaption><\/figure>\n<p><strong>+++ LEIA MAIS: A curiosa raz\u00e3o que fez Rock in Rio 1985 ser o melhor, segundo Bruce Dickinson<br \/>+++ LEIA MAIS: As 6 melhores linhas de baixo de Steve Harris, segundo o pr\u00f3prio<br \/>+++ LEIA MAIS: Janick Gers explica por que se movimenta feito doido no palco<br \/>+++ Siga a Rolling Stone Brasil @rollingstonebrasil no Instagram<br \/>+++ Siga o jornalista Igor Miranda @igormirandasite no Instagram<\/strong><\/p>\n<\/div>\n<p><script async src=\"\/\/www.instagram.com\/embed.js\"><\/script><br \/>\n<br \/><br \/>\n<br \/>Fonte: <a href=\"https:\/\/rollingstone.com.br\/musica\/iron-maiden-lancara-documentario-sobre-seus-50-anos-de-carreira\/\">rollingstone.com.br<\/a><\/p>\n","protected":false},"excerpt":{"rendered":"<p>O Iron Maiden tem muitos planos para celebrar seus 50 anos. Al\u00e9m de uma turn\u00ea especial (Run for Your Lives) e um livro visual (Iron Maiden: Infinite Dreams \u2014 A Hist\u00f3ria Visual Oficial), a banda ganhar\u00e1 um document\u00e1rio ainda este ano. A produ\u00e7\u00e3o \u00e9 uma parceria com o Universal Pictures Content Group. Ainda n\u00e3o h\u00e1 [&hellip;]<\/p>\n","protected":false},"author":5,"featured_media":5573,"comment_status":"open","ping_status":"open","sticky":false,"template":"","format":"standard","meta":{"_seopress_robots_primary_cat":"","_seopress_titles_title":"","_seopress_titles_desc":"","_seopress_robots_index":"","footnotes":""},"categories":[51],"tags":[],"class_list":["post-5572","post","type-post","status-publish","format-standard","has-post-thumbnail","hentry","category-musica"],"_links":{"self":[{"href":"https:\/\/mussicom.com\/noticias\/wp-json\/wp\/v2\/posts\/5572","targetHints":{"allow":["GET"]}}],"collection":[{"href":"https:\/\/mussicom.com\/noticias\/wp-json\/wp\/v2\/posts"}],"about":[{"href":"https:\/\/mussicom.com\/noticias\/wp-json\/wp\/v2\/types\/post"}],"author":[{"embeddable":true,"href":"https:\/\/mussicom.com\/noticias\/wp-json\/wp\/v2\/users\/5"}],"replies":[{"embeddable":true,"href":"https:\/\/mussicom.com\/noticias\/wp-json\/wp\/v2\/comments?post=5572"}],"version-history":[{"count":0,"href":"https:\/\/mussicom.com\/noticias\/wp-json\/wp\/v2\/posts\/5572\/revisions"}],"wp:featuredmedia":[{"embeddable":true,"href":"https:\/\/mussicom.com\/noticias\/wp-json\/wp\/v2\/media\/5573"}],"wp:attachment":[{"href":"https:\/\/mussicom.com\/noticias\/wp-json\/wp\/v2\/media?parent=5572"}],"wp:term":[{"taxonomy":"category","embeddable":true,"href":"https:\/\/mussicom.com\/noticias\/wp-json\/wp\/v2\/categories?post=5572"},{"taxonomy":"post_tag","embeddable":true,"href":"https:\/\/mussicom.com\/noticias\/wp-json\/wp\/v2\/tags?post=5572"}],"curies":[{"name":"wp","href":"https:\/\/api.w.org\/{rel}","templated":true}]}}