{"id":55683,"date":"2025-11-20T02:52:22","date_gmt":"2025-11-20T05:52:22","guid":{"rendered":"https:\/\/mussicom.com\/vojvoda-valoriza-producao-do-santos-cita-desgaste-fisico-e-pede-mais-efetividade\/"},"modified":"2025-11-20T02:52:22","modified_gmt":"2025-11-20T05:52:22","slug":"vojvoda-valoriza-producao-do-santos-cita-desgaste-fisico-e-pede-mais-efetividade","status":"publish","type":"post","link":"https:\/\/mussicom.com\/noticias\/vojvoda-valoriza-producao-do-santos-cita-desgaste-fisico-e-pede-mais-efetividade\/","title":{"rendered":"Vojvoda valoriza produ\u00e7\u00e3o do Santos, cita desgaste f\u00edsico e pede mais efetividade"},"content":{"rendered":"<p> <br \/>\n<\/p>\n<div>\n<div id=\"attachment_174320\" style=\"width: 741px\" class=\"wp-caption aligncenter\"><\/p>\n<p id=\"caption-attachment-174320\" class=\"wp-caption-text\">Santos de Vojvoda mais uma vez falhou na Vila na luta contra o rebaixamento (Cr\u00e9dito: Raul Baretta\/Santos FC)<\/p>\n<\/div>\n<p>O t\u00e9cnico Juan Pablo Vojvoda avaliou o desempenho do Santos ap\u00f3s o empate em 1 a 1 com o Mirassol, na Vila Belmiro, pela 34\u00aa rodada do Brasileir\u00e3o. Na coletiva, o treinador preferiu tratar o jogo como um todo, mesmo depois do nome de Neymar ser citado diretamente na pergunta.<\/p>\n<p>O camisa 10 marcou o gol santista no in\u00edcio do jogo. E no segundo tempo, cometeu o p\u00eanalti que originou o empate do advers\u00e1rio. Quando questionado sobre o desempenho individual de Neymar, Vojvoda foi direto.<\/p>\n<p>\u201cNeymar joga para o Santos e eu vou falar como um time. Acho que o time fez um bom primeiro tempo, onde o Neymar, que voc\u00ea pergunta, fez um gol e interviu muito no jogo. Depois, \u00e9 verdade que, contra um time como o Mirassol, no segundo tempo come\u00e7amos bem, com uma op\u00e7\u00e3o muito clara. A partir da\u00ed, o Mirassol teve volume de jogo, mas sem gerar muito perigo\u201d, afirmou.<\/p>\n<p>O treinador explicou que viu queda f\u00edsica em parte do elenco e destacou que as trocas ajudaram a recuperar o controle da partida.<\/p>\n<p>\u201cNesse momento sentimos a baixa f\u00edsica de alguns jogadores. Depois, com as mudan\u00e7as, nos \u00faltimos dez ou quinze minutos principalmente, o time voltou a gerar situa\u00e7\u00f5es e criar jogo. Mas foi um empate que sabe a pouco, pela situa\u00e7\u00e3o inc\u00f4moda em que estamos e por conseguir somente um ponto em casa. Pelo que criamos, acho que merec\u00edamos um pouco mais\u201d, disse.<\/p>\n<p>Vojvoda tamb\u00e9m demonstrou preocupa\u00e7\u00e3o com a falta de efetividade em chances criadas. O argentino avaliou que o Mirassol teve posse, mas pouco amea\u00e7ou.<\/p>\n<p>\u201cEu concordo com a produ\u00e7\u00e3o do primeiro tempo. Se me preocupa a efetividade? Sim. O time produz muito, mas com tudo o que produz, temos que encontrar essa efetividade com calma e escolher o momento certo para ter essa finesse nos \u00faltimos metros. Estou ocupado e preocupado pela situa\u00e7\u00e3o, como estamos todos, mas estaria muito mais preocupado se o time n\u00e3o produzisse. Hoje, o time produziu. Eles conseguiram o empate, mas n\u00e3o senti um jogo em que nos atrapalharam. O Mirassol teve volume, mas sem grandes chances. Braz\u00e3o trabalhou pouco, uma bola s\u00f3. O goleiro deles interveio duas ou tr\u00eas vezes no primeiro tempo e em outra no lance do Juninho no fim\u201d, seguiu.<\/p>\n<p>No fim, Vojvoda projetou o pr\u00f3ximo duelo.<\/p>\n<p>\u201cVamos para Porto Alegre sabendo da situa\u00e7\u00e3o. Vamos esperar o jogo do Inter amanh\u00e3, mas temos que planificar bem. Tenho jogadores que respondem nos momentos dif\u00edceis e v\u00e3o ter que responder. Todos vamos ter que responder\u201d, concluiu o treinador.<\/p>\n<p>Com o empate, o Santos chegou a 37 pontos, um acima do Vit\u00f3ria, que tem 36. O Internacional, pr\u00f3ximo advers\u00e1rio, tamb\u00e9m soma 37 e ainda joga nesta quinta-feira contra o Cear\u00e1, fora de casa. O confronto direto entre Santos e Inter acontece na segunda-feira, dia 24, \u00e0s 20h, pela 35\u00aa rodada do Brasileir\u00e3o.<\/p>\n<\/p><\/div>\n<p><br \/>\n<br \/>Fonte: <a href=\"https:\/\/www.diariodopeixe.com.br\/noticias\/vojvoda-valoriza-producao-do-santos-cita-desgaste-fisico-e-pede-mais-efetividade\/\">Placar<\/a><\/p>\n","protected":false},"excerpt":{"rendered":"<p>Santos de Vojvoda mais uma vez falhou na Vila na luta contra o rebaixamento (Cr\u00e9dito: Raul Baretta\/Santos FC) O t\u00e9cnico Juan Pablo Vojvoda avaliou o desempenho do Santos ap\u00f3s o empate em 1 a 1 com o Mirassol, na Vila Belmiro, pela 34\u00aa rodada do Brasileir\u00e3o. Na coletiva, o treinador preferiu tratar o jogo como [&hellip;]<\/p>\n","protected":false},"author":5,"featured_media":47743,"comment_status":"open","ping_status":"open","sticky":false,"template":"","format":"standard","meta":{"_seopress_robots_primary_cat":"","_seopress_titles_title":"","_seopress_titles_desc":"","_seopress_robots_index":"","footnotes":""},"categories":[55],"tags":[],"class_list":["post-55683","post","type-post","status-publish","format-standard","has-post-thumbnail","hentry","category-santos-fc"],"_links":{"self":[{"href":"https:\/\/mussicom.com\/noticias\/wp-json\/wp\/v2\/posts\/55683","targetHints":{"allow":["GET"]}}],"collection":[{"href":"https:\/\/mussicom.com\/noticias\/wp-json\/wp\/v2\/posts"}],"about":[{"href":"https:\/\/mussicom.com\/noticias\/wp-json\/wp\/v2\/types\/post"}],"author":[{"embeddable":true,"href":"https:\/\/mussicom.com\/noticias\/wp-json\/wp\/v2\/users\/5"}],"replies":[{"embeddable":true,"href":"https:\/\/mussicom.com\/noticias\/wp-json\/wp\/v2\/comments?post=55683"}],"version-history":[{"count":0,"href":"https:\/\/mussicom.com\/noticias\/wp-json\/wp\/v2\/posts\/55683\/revisions"}],"wp:featuredmedia":[{"embeddable":true,"href":"https:\/\/mussicom.com\/noticias\/wp-json\/wp\/v2\/media\/47743"}],"wp:attachment":[{"href":"https:\/\/mussicom.com\/noticias\/wp-json\/wp\/v2\/media?parent=55683"}],"wp:term":[{"taxonomy":"category","embeddable":true,"href":"https:\/\/mussicom.com\/noticias\/wp-json\/wp\/v2\/categories?post=55683"},{"taxonomy":"post_tag","embeddable":true,"href":"https:\/\/mussicom.com\/noticias\/wp-json\/wp\/v2\/tags?post=55683"}],"curies":[{"name":"wp","href":"https:\/\/api.w.org\/{rel}","templated":true}]}}