{"id":55643,"date":"2025-11-19T15:47:17","date_gmt":"2025-11-19T18:47:17","guid":{"rendered":"https:\/\/mussicom.com\/brasil-emplaca-cinco-duplas-nas-oitavas-do-mundial-de-volei-de-praia\/"},"modified":"2025-11-19T15:47:17","modified_gmt":"2025-11-19T18:47:17","slug":"brasil-emplaca-cinco-duplas-nas-oitavas-do-mundial-de-volei-de-praia","status":"publish","type":"post","link":"https:\/\/mussicom.com\/noticias\/brasil-emplaca-cinco-duplas-nas-oitavas-do-mundial-de-volei-de-praia\/","title":{"rendered":"Brasil emplaca cinco duplas nas oitavas do Mundial de v\u00f4lei de praia"},"content":{"rendered":"<p> <br \/>\n<\/p>\n<div>\n<p>Cinco duplas brasileiras v\u00e3o disputar as oitavas de final do Campeonato Mundial de V\u00f4lei de praia em Adelaide (Austr\u00e1lia). Quatro delas selaram a classifica\u00e7\u00e3o na madrugada desta quarta-feira (19): Th\u00e2mela e Vic; Carol Solberg e Rebeca; Evandro e Arthur Lanci; e Andr\u00e9 e Renato. Na ter\u00e7a (18), as campe\u00e3s ol\u00edmpicas Ana Patr\u00edcia j\u00e1 haviam selado a vaga na pr\u00f3xima fase. J\u00e1 George e Saymon se despediram da competi\u00e7\u00e3o ap\u00f3s derrota no primeiro jogo da fase eliminat\u00f3ria. Os jogos das\u00a0oitavas ocorrer\u00e3o a partir de 0h (hor\u00e1rio de Bras\u00edlia) desta quinta (20), com <strong>transmiss\u00e3o ao vivo online <\/strong>na Volleyball World TV.<img decoding=\"async\" src=\"https:\/\/agenciabrasil.ebc.com.br\/ebc.gif?id=1668618&amp;o=node\" style=\"width:1px; height:1px; display:inline;\"\/><\/p>\n<p>Primeiros brasileiros a entrar em quadra nesta madrugada, Andr\u00e9 e Renato sobraram diante dos austr\u00edacos Hammarberg\u00a0e\u00a0Berger: venceram por 2 sets a 0,\u00a0com parciais de 21\/15 e 21\/14.\u00a0Os pr\u00f3ximos advers\u00e1rios ser\u00e3o\u00a0os suecos\u00a0H\u00f6lting Nilsson\u00a0e\u00a0Andersson.<\/p>\n<p>Na sequ\u00eancia, Evandro e Arthur Lanci sa\u00edram na frente contra os neozelandeses Fuller e O\u2019Dea. Os brasileiros fecharam o primeiro set em 21\/15, mas cederam ao empate na parcial seguinte por 17\/21. O terceiro e decisivo set foi o mais acirrado: Evandro e Arthur salvaram tr\u00eas match points antes de ganhar a parcial por 25 a 23 e a partida por 2 sets a 1. Nas oitavas, eles ter\u00e3o pela frente a dupla Krattiger e Dillier, da Su\u00ed\u00e7a.<\/p>\n<p>\u201c\u00c9, [a vit\u00f3ria] d\u00e1 moral para o nosso time, e com certeza para os pr\u00f3ximos jogos a gente j\u00e1 passando por esse momento, \u00e9&#8230; a gente j\u00e1 vai estar um pouco mais tranquilo nesse sentido. Mas, cara, vit\u00f3ria \u00e9 vit\u00f3ria, com um <em>tie-break<\/em> desse. Todo mundo gostou do jogo, a torcida achou, ficou maravilhada com a partida, e \u00e9 isso que \u00e9 importante tamb\u00e9m, \u00e9 dar um espet\u00e1culo pra galera que est\u00e1 aqui acompanhando\u201d, analisou Arthur Lanci.<\/p>\n<blockquote class=\"instagram-media\" data-instgrm-captioned=\"\" data-instgrm-permalink=\"https:\/\/www.instagram.com\/p\/DRO8hSvDg_8\/?utm_source=ig_embed&amp;utm_campaign=loading\" data-instgrm-version=\"14\" style=\" background:#FFF; border:0; border-radius:3px; box-shadow:0 0 1px 0 rgba(0,0,0,0.5),0 1px 10px 0 rgba(0,0,0,0.15); margin: 1px; max-width:540px; min-width:326px; padding:0; width:99.375%; width:-webkit-calc(100% - 2px); width:calc(100% - 2px);\">\n<\/blockquote>\n<p>Quem tamb\u00e9m batalhou em quadra para arrancar a classifica\u00e7\u00e3o foi a dupla Th\u00e2mela e Vic, n\u00famero um do ranking mundial. As advers\u00e1rias francesas Placette\u00a0e\u00a0Richard levaram a melhor no primeiro set por 21 a 17. Na parcial seguinte, as brasileiras reagiram: ganharam por 15\/21 e o jogo seguiu\u00a0para o terceiro e \u00faltimo set. Na parcial decisiva, as\u00a0francesas desperdi\u00e7aram um match point, o primeiro da partida, e as brasileiras aproveitaram para fechar na frente por 19\/17 e cravar a vit\u00f3ria de virada por 2 sets a 1. Na pr\u00f3xima fase, a dupla Amarelinha medir\u00e1\u00a0for\u00e7as com as ucranianas Lazarenko e Romaniuk.<\/p>\n<p>Acompanhe a cobertura completa da EBC na COP30\u00a0<\/p>\n<p>\u201cEnt\u00e3o eu acho que o segredo foi a gente sempre manter o pensamento positivo, n\u00e9? Foi como eu falei, aqui \u00e9 um campeonato especial, um campeonato muito dif\u00edcil, que todo jogo \u00e9 jogo, todo jogo \u00e9 jogado. E eu acho que a diferen\u00e7a \u00e9 voc\u00ea manter a cabe\u00e7a positiva que vai dar certo. E eu acho que a gente t\u00e1 conseguindo fazer isso bem\u201d, pontuou Vic.<\/p>\n<p>J\u00e1 pela manh\u00e3, Carol e Rebecca n\u00e3o tiveram dificuldades para superar as australianas<strong> <\/strong>Fleming\u00a0e\u00a0Fejes\u00a0por 2 sets a 0 (21\/14 e 21\/18). Nas oitavas, as brasileiras v\u00e3o encarar as alem\u00e3s Ittlinger e Gr\u00fcne.<\/p>\n<h2>Duelos de oitavas de final\u00a0nesta quinta (20)<\/h2>\n<p>0h &#8211;\u00a0<strong>Th\u00e2mela\/Victoria <\/strong>x Lazarenko\/Romaniuk (Ucr\u00e2nia)\u00a0<\/p>\n<p>0h &#8211;\u00a0\u00a0Pedrosa\/Campos (Portugal)\u00a0x Perusic\/Schweiner (Rep\u00fablica Tcheca)\u00a0<\/p>\n<p>1h &#8211; Donlin\/Denaburg (EUA) x\u00a0<strong>Ana Patr\u00edcia\/Duda<\/strong><\/p>\n<p>1h &#8211;\u00a0Krattiger\/Dillier (Su\u00ed\u00e7a) x\u00a0<strong>Evandro\/Arthur Lanci\u00a0<\/strong><\/p>\n<p>05:30 Ittlinger\/Gr\u00fcne (Alemanha) x<strong>\u00a0Carol\/Rebecca\u00a0<\/strong><\/p>\n<p>6h &#8211; <strong>Andr\u00e9\/Renato<\/strong>\u00a0x H\u00f6lting Nilsson\/Andersson (Su\u00e9cia)<\/p>\n<p>      <!-- Relacionada --><\/p>\n<p>            <!-- Relacionada -->\n    <\/div>\n<p><script async src=\"\/\/www.instagram.com\/embed.js\"><\/script><br \/>\n<br \/><br \/>\n<br \/>Fonte: <a href=\"https:\/\/agenciabrasil.ebc.com.br\/esportes\/noticia\/2025-11\/brasil-emplaca-cinco-duplas-nas-oitavas-do-mundial-de-volei-de-praia\">Ag\u00eancia Brasil<\/a><\/p>\n","protected":false},"excerpt":{"rendered":"<p>Cinco duplas brasileiras v\u00e3o disputar as oitavas de final do Campeonato Mundial de V\u00f4lei de praia em Adelaide (Austr\u00e1lia). Quatro delas selaram a classifica\u00e7\u00e3o na madrugada desta quarta-feira (19): Th\u00e2mela e Vic; Carol Solberg e Rebeca; Evandro e Arthur Lanci; e Andr\u00e9 e Renato. Na ter\u00e7a (18), as campe\u00e3s ol\u00edmpicas Ana Patr\u00edcia j\u00e1 haviam selado [&hellip;]<\/p>\n","protected":false},"author":5,"featured_media":55644,"comment_status":"open","ping_status":"open","sticky":false,"template":"","format":"standard","meta":{"_seopress_robots_primary_cat":"","_seopress_titles_title":"","_seopress_titles_desc":"","_seopress_robots_index":"","footnotes":""},"categories":[40],"tags":[],"class_list":["post-55643","post","type-post","status-publish","format-standard","has-post-thumbnail","hentry","category-esportes"],"_links":{"self":[{"href":"https:\/\/mussicom.com\/noticias\/wp-json\/wp\/v2\/posts\/55643","targetHints":{"allow":["GET"]}}],"collection":[{"href":"https:\/\/mussicom.com\/noticias\/wp-json\/wp\/v2\/posts"}],"about":[{"href":"https:\/\/mussicom.com\/noticias\/wp-json\/wp\/v2\/types\/post"}],"author":[{"embeddable":true,"href":"https:\/\/mussicom.com\/noticias\/wp-json\/wp\/v2\/users\/5"}],"replies":[{"embeddable":true,"href":"https:\/\/mussicom.com\/noticias\/wp-json\/wp\/v2\/comments?post=55643"}],"version-history":[{"count":0,"href":"https:\/\/mussicom.com\/noticias\/wp-json\/wp\/v2\/posts\/55643\/revisions"}],"wp:featuredmedia":[{"embeddable":true,"href":"https:\/\/mussicom.com\/noticias\/wp-json\/wp\/v2\/media\/55644"}],"wp:attachment":[{"href":"https:\/\/mussicom.com\/noticias\/wp-json\/wp\/v2\/media?parent=55643"}],"wp:term":[{"taxonomy":"category","embeddable":true,"href":"https:\/\/mussicom.com\/noticias\/wp-json\/wp\/v2\/categories?post=55643"},{"taxonomy":"post_tag","embeddable":true,"href":"https:\/\/mussicom.com\/noticias\/wp-json\/wp\/v2\/tags?post=55643"}],"curies":[{"name":"wp","href":"https:\/\/api.w.org\/{rel}","templated":true}]}}