{"id":55577,"date":"2025-11-18T21:13:15","date_gmt":"2025-11-19T00:13:15","guid":{"rendered":"https:\/\/mussicom.com\/anulacao-de-3-questoes-do-enem-ocorre-por-precaucao-diz-ministro\/"},"modified":"2025-11-18T21:13:15","modified_gmt":"2025-11-19T00:13:15","slug":"anulacao-de-3-questoes-do-enem-ocorre-por-precaucao-diz-ministro","status":"publish","type":"post","link":"https:\/\/mussicom.com\/noticias\/anulacao-de-3-questoes-do-enem-ocorre-por-precaucao-diz-ministro\/","title":{"rendered":"Anula\u00e7\u00e3o de 3 quest\u00f5es do Enem ocorre por \u201cprecau\u00e7\u00e3o\u201d, diz ministro"},"content":{"rendered":"<p> <br \/>\n<\/p>\n<div>\n<p><strong>O ministro da Educa\u00e7\u00e3o, Camilo Santana, disse, em entrevista \u00e0 TV Educativa do Cear\u00e1, nesta ter\u00e7a (18), que a anula\u00e7\u00e3o de tr\u00eas quest\u00f5es do Exame Nacional do Ensino M\u00e9dio (Enem) ocorreu por precau\u00e7\u00e3o e para manter a lisura no concurso. O poss\u00edvel vazamento das perguntas vai ser investigado pela Pol\u00edcia Federal.\u00a0<\/strong><img decoding=\"async\" src=\"https:\/\/agenciabrasil.ebc.com.br\/ebc.gif?id=1668522&amp;o=node\" style=\"width:1px; height:1px; display:inline;\"\/><\/p>\n<p><strong>Segundo o ministro, o Enem disp\u00f5e de um banco de perguntas e os itens s\u00e3o utilizados em um pr\u00e9-teste com diferentes grupos de estudantes. \u201cSegundo as informa\u00e7\u00f5es que eu tenho, uma pessoa que participou desse pr\u00e9-teste, divulgou e fez essa fala em uma live&#8221;.\u00a0<\/strong><\/p>\n<p>O Instituto Nacional de Estudos e Pesquisas Educacionais An\u00edsio Teixeira (Inep), mais cedo, informou que\u00a0teve relatos de uma poss\u00edvel antecipa\u00e7\u00e3o de quest\u00f5es similares \u00e0s do Enem.\u00a0<\/p>\n<p>Camilo Santana expressou, ainda na entrevista \u00e0 TVE do Cear\u00e1, que o Enem foi um sucesso e que candidatos e familiares devem ficar tranquilos com o exame.<\/p>\n<blockquote>\n<p>\u201cO que ocorreu foi que houve ru\u00eddos em rede social. E eu determinei ao Inep, de imediato, quando tomei o conhecimento, que apurasse e tomasse as medidas cab\u00edveis\u201d, disse o ministro.<\/p>\n<\/blockquote>\n<p>Santana ressaltou que a anula\u00e7\u00e3o leva em conta garantir que nenhum candidato fosse prejudicado. \u201cO Inep anulou, mas continuam valendo todos os outros 87 itens e tamb\u00e9m a reda\u00e7\u00e3o\u201d.<\/p>\n<p>As investiga\u00e7\u00f5es de poss\u00edveis fraudes no Enem s\u00e3o de compet\u00eancia da Pol\u00edcia Federal, porque as provas s\u00e3o servi\u00e7o federal, de interesse p\u00fablico. O Enem \u00e9 coordenado pelo Inep, autarquia federal vinculada ao Minist\u00e9rio da Educa\u00e7\u00e3o (MEC).<\/p>\n<h2>Pr\u00e9-teste<\/h2>\n<p><strong>Para a elabora\u00e7\u00e3o e corre\u00e7\u00e3o do Enem, o Inep adota um modelo estat\u00edstico chamado de Teoria da Resposta ao Item (TRI).\u00a0 A metodologia\u00a0 usa um conjunto de modelos matem\u00e1ticos e considera a particularidade de cada quest\u00e3o.\u00a0 Por isso, conforme salienta o MEC, os itens s\u00e3o pr\u00e9-testados com grupos de estudantes antes de fazerem parte da prova. Isso seria necess\u00e1rio para &#8220;calibrar&#8221; o n\u00edvel de dificuldade de cada quest\u00e3o que comp\u00f5em o exame.<\/strong><\/p>\n<p><strong>Por isso, quem participa de pr\u00e9-testes tem contato com quest\u00f5es de m\u00faltipla escolha que podem vir a compor as provas do Enem em alguma de suas edi\u00e7\u00f5es.\u00a0<\/strong> Todos os itens\u00a0aprovados nos pr\u00e9-testes passam a compor o Banco Nacional de Itens, que re\u00fane as quest\u00f5es a serem\u00a0utilizadas para elaborar as edi\u00e7\u00f5es do exame.\u00a0<\/p>\n<p>O Inep informa que promove diversas estrat\u00e9gias para calibrar as quest\u00f5es que comp\u00f5em o Banco Nacional de Itens e podem ser usadas na elabora\u00e7\u00e3o das provas do Enem.\u00a0<\/p>\n<p>      <!-- Relacionada --><\/p>\n<p>            <!-- Relacionada -->\n    <\/div>\n<p><br \/>\n<br \/>Fonte: <a href=\"https:\/\/agenciabrasil.ebc.com.br\/educacao\/noticia\/2025-11\/anulacao-de-3-questoes-do-enem-ocorre-por-precaucao-diz-ministro\">Ag\u00eancia Brasil<\/a><\/p>\n","protected":false},"excerpt":{"rendered":"<p>O ministro da Educa\u00e7\u00e3o, Camilo Santana, disse, em entrevista \u00e0 TV Educativa do Cear\u00e1, nesta ter\u00e7a (18), que a anula\u00e7\u00e3o de tr\u00eas quest\u00f5es do Exame Nacional do Ensino M\u00e9dio (Enem) ocorreu por precau\u00e7\u00e3o e para manter a lisura no concurso. O poss\u00edvel vazamento das perguntas vai ser investigado pela Pol\u00edcia Federal.\u00a0 Segundo o ministro, o [&hellip;]<\/p>\n","protected":false},"author":5,"featured_media":55325,"comment_status":"open","ping_status":"open","sticky":false,"template":"","format":"standard","meta":{"_seopress_robots_primary_cat":"","_seopress_titles_title":"","_seopress_titles_desc":"","_seopress_robots_index":"","footnotes":""},"categories":[44],"tags":[],"class_list":["post-55577","post","type-post","status-publish","format-standard","has-post-thumbnail","hentry","category-educacao"],"_links":{"self":[{"href":"https:\/\/mussicom.com\/noticias\/wp-json\/wp\/v2\/posts\/55577","targetHints":{"allow":["GET"]}}],"collection":[{"href":"https:\/\/mussicom.com\/noticias\/wp-json\/wp\/v2\/posts"}],"about":[{"href":"https:\/\/mussicom.com\/noticias\/wp-json\/wp\/v2\/types\/post"}],"author":[{"embeddable":true,"href":"https:\/\/mussicom.com\/noticias\/wp-json\/wp\/v2\/users\/5"}],"replies":[{"embeddable":true,"href":"https:\/\/mussicom.com\/noticias\/wp-json\/wp\/v2\/comments?post=55577"}],"version-history":[{"count":0,"href":"https:\/\/mussicom.com\/noticias\/wp-json\/wp\/v2\/posts\/55577\/revisions"}],"wp:featuredmedia":[{"embeddable":true,"href":"https:\/\/mussicom.com\/noticias\/wp-json\/wp\/v2\/media\/55325"}],"wp:attachment":[{"href":"https:\/\/mussicom.com\/noticias\/wp-json\/wp\/v2\/media?parent=55577"}],"wp:term":[{"taxonomy":"category","embeddable":true,"href":"https:\/\/mussicom.com\/noticias\/wp-json\/wp\/v2\/categories?post=55577"},{"taxonomy":"post_tag","embeddable":true,"href":"https:\/\/mussicom.com\/noticias\/wp-json\/wp\/v2\/tags?post=55577"}],"curies":[{"name":"wp","href":"https:\/\/api.w.org\/{rel}","templated":true}]}}