{"id":55551,"date":"2025-11-18T15:51:13","date_gmt":"2025-11-18T18:51:13","guid":{"rendered":"https:\/\/mussicom.com\/saude-anuncia-rede-de-hospitais-e-servicos-inteligentes-no-sus\/"},"modified":"2025-11-18T15:51:13","modified_gmt":"2025-11-18T18:51:13","slug":"saude-anuncia-rede-de-hospitais-e-servicos-inteligentes-no-sus","status":"publish","type":"post","link":"https:\/\/mussicom.com\/noticias\/saude-anuncia-rede-de-hospitais-e-servicos-inteligentes-no-sus\/","title":{"rendered":"Sa\u00fade anuncia rede de hospitais e servi\u00e7os inteligentes no SUS"},"content":{"rendered":"<p> <br \/>\n<\/p>\n<div>\n<p><strong>O Minist\u00e9rio da Sa\u00fade anunciou nesta ter\u00e7a-feira (18), em Bras\u00edlia, uma rede nacional de hospitais<\/strong> e servi\u00e7os de sa\u00fade inteligentes e de medicina de alta precis\u00e3o dentro do Sistema \u00danico de Sa\u00fade (SUS). A proposta \u00e9 reunir tecnologia avan\u00e7ada, alta especializa\u00e7\u00e3o e coopera\u00e7\u00e3o internacional para modernizar o atendimento.<img decoding=\"async\" src=\"https:\/\/agenciabrasil.ebc.com.br\/ebc.gif?id=1668442&amp;o=node\" style=\"width:1px; height:1px; display:inline;\"\/><\/p>\n<p>A iniciativa prev\u00ea a implanta\u00e7\u00e3o de 14 unidades de terapia intensiva (UTIs) automatizadas que funcionar\u00e3o de forma interligada nas cinco regi\u00f5es, al\u00e9m da constru\u00e7\u00e3o do Instituto Tecnol\u00f3gico de Emerg\u00eancia do Hospital das Cl\u00ednicas da Universidade de S\u00e3o Paulo (USP), o primeiro hospital inteligente do pa\u00eds.<\/p>\n<p><strong>Em nota, o Minist\u00e9rio da Sa\u00fade informou que outras oito unidades hospitalares ser\u00e3o modernizadas \u201ccom envolvimento de universidades e secretarias de sa\u00fade\u201d. \u201cN\u00e3o tenho d\u00favida de que, hoje, n\u00f3s estamos entrando em uma nova era de inova\u00e7\u00e3o para o SUS e para a sa\u00fade do pa\u00eds\u201d, disse o ministro da Sa\u00fade, Alexandre Padilha.<\/strong><\/p>\n<blockquote>\n<p>\u201cN\u00e3o estamos falando s\u00f3 de constru\u00e7\u00e3o de hospitais, de moderniza\u00e7\u00e3o de UTIs e de hospitais que j\u00e1 existem. Estamos falando de um movimento de incorpora\u00e7\u00e3o tecnol\u00f3gica, de parcerias de transfer\u00eancia tecnol\u00f3gica\u201d, completou, durante entrevista.<\/p>\n<\/blockquote>\n<p>Acompanhe a cobertura completa da EBC na COP30\u00a0<\/p>\n<h2>Entenda<\/h2>\n<p><strong>A rede integra o programa Agora Tem Especialistas, voltado para a expans\u00e3o do atendimento especializado na rede p\u00fablica. Dados oficiais indicam que o uso de tecnologias como intelig\u00eancia artificial e <em>big data<\/em> pode reduzir em at\u00e9 cinco vezes o tempo de espera por atendimento de emerg\u00eancia, al\u00e9m de tornar o diagn\u00f3stico e a assist\u00eancia especializada mais r\u00e1pidos e precisos.<\/strong><\/p>\n<p>As 14 UTIs inteligentes v\u00e3o funcionar de forma interligada em hospitais selecionados pelo Minist\u00e9rio da Sa\u00fade junto a gestores de 13 estados nas cidades de Manaus, Dourados (MS), Bel\u00e9m, Teresina, Fortaleza, Recife, Salvador, Belo Horizonte, Rio de Janeiro, S\u00e3o Paulo, Curitiba, Porto Alegre e Bras\u00edlia.\u00a0<\/p>\n<p><strong>\u201cSer\u00e3o servi\u00e7os totalmente digitais, com monitoramento cont\u00ednuo, integra\u00e7\u00e3o entre equipamentos e sistemas de informa\u00e7\u00e3o. A tecnologia auxiliar\u00e1 na previs\u00e3o de agravos, apoiar\u00e1 decis\u00f5es cl\u00ednicas, otimizar\u00e1 avalia\u00e7\u00f5es e permitir\u00e1 a troca de conhecimento entre especialistas em diferentes regi\u00f5es. Tamb\u00e9m estar\u00e3o conectadas a uma central de pesquisa e inova\u00e7\u00e3o\u201d, finalizou o minist\u00e9rio.\u00a0<\/strong><\/p>\n<p>      <!-- Relacionada --><\/p>\n<p>            <!-- Relacionada -->\n    <\/div>\n<p><br \/>\n<br \/>Fonte: <a href=\"https:\/\/agenciabrasil.ebc.com.br\/saude\/noticia\/2025-11\/saude-anuncia-rede-de-hospitais-e-servicos-inteligentes-no-sus-1\">Ag\u00eancia Brasil<\/a><\/p>\n","protected":false},"excerpt":{"rendered":"<p>O Minist\u00e9rio da Sa\u00fade anunciou nesta ter\u00e7a-feira (18), em Bras\u00edlia, uma rede nacional de hospitais e servi\u00e7os de sa\u00fade inteligentes e de medicina de alta precis\u00e3o dentro do Sistema \u00danico de Sa\u00fade (SUS). A proposta \u00e9 reunir tecnologia avan\u00e7ada, alta especializa\u00e7\u00e3o e coopera\u00e7\u00e3o internacional para modernizar o atendimento. A iniciativa prev\u00ea a implanta\u00e7\u00e3o de 14 [&hellip;]<\/p>\n","protected":false},"author":5,"featured_media":55552,"comment_status":"open","ping_status":"open","sticky":false,"template":"","format":"standard","meta":{"_seopress_robots_primary_cat":"","_seopress_titles_title":"","_seopress_titles_desc":"","_seopress_robots_index":"","footnotes":""},"categories":[46],"tags":[],"class_list":["post-55551","post","type-post","status-publish","format-standard","has-post-thumbnail","hentry","category-saude"],"_links":{"self":[{"href":"https:\/\/mussicom.com\/noticias\/wp-json\/wp\/v2\/posts\/55551","targetHints":{"allow":["GET"]}}],"collection":[{"href":"https:\/\/mussicom.com\/noticias\/wp-json\/wp\/v2\/posts"}],"about":[{"href":"https:\/\/mussicom.com\/noticias\/wp-json\/wp\/v2\/types\/post"}],"author":[{"embeddable":true,"href":"https:\/\/mussicom.com\/noticias\/wp-json\/wp\/v2\/users\/5"}],"replies":[{"embeddable":true,"href":"https:\/\/mussicom.com\/noticias\/wp-json\/wp\/v2\/comments?post=55551"}],"version-history":[{"count":0,"href":"https:\/\/mussicom.com\/noticias\/wp-json\/wp\/v2\/posts\/55551\/revisions"}],"wp:featuredmedia":[{"embeddable":true,"href":"https:\/\/mussicom.com\/noticias\/wp-json\/wp\/v2\/media\/55552"}],"wp:attachment":[{"href":"https:\/\/mussicom.com\/noticias\/wp-json\/wp\/v2\/media?parent=55551"}],"wp:term":[{"taxonomy":"category","embeddable":true,"href":"https:\/\/mussicom.com\/noticias\/wp-json\/wp\/v2\/categories?post=55551"},{"taxonomy":"post_tag","embeddable":true,"href":"https:\/\/mussicom.com\/noticias\/wp-json\/wp\/v2\/tags?post=55551"}],"curies":[{"name":"wp","href":"https:\/\/api.w.org\/{rel}","templated":true}]}}